{"id":271915,"date":"2019-08-20T12:23:11","date_gmt":"2019-08-20T10:23:11","guid":{"rendered":"http:\/\/www.pcnen.com\/portal\/?p=271915"},"modified":"2019-08-20T12:29:57","modified_gmt":"2019-08-20T10:29:57","slug":"momcilo-radulovic-izabran-za-predsjednika-ask","status":"publish","type":"post","link":"https:\/\/www.pcnen.com\/portal\/2019\/08\/20\/momcilo-radulovic-izabran-za-predsjednika-ask\/","title":{"rendered":"Mom\u010dilo Radulovi\u0107 izabran za predsjednika ASK"},"content":{"rendered":"<p>Mom\u010dilo Radulovi\u0107 je izabran danas za predsjednika Savjeta Agencije za sprje\u010davanje korupcije (ASK).<\/p>\n<p><img loading=\"lazy\" decoding=\"async\" class=\"alignleft size-full wp-image-214064\" src=\"http:\/\/www.pcnen.com\/portal\/wp-content\/uploads\/2016\/09\/ask.jpg\" alt=\"\" width=\"300\" height=\"176\" \/>Crnogorski parlament je ranije za \u010dlanove Savjeta, pored Radulovi\u0107a, izabrao Gavrila \u010cabarkapu, Zlatka Vujovi\u0107a, Goranku Vu\u010dini\u0107 i Rifata Hadrovi\u0107a.<\/p>\n<p>Njihov mandat je \u010detiri godine.<\/p>\n<p>Konstitutivna sjednica Savjeta odr\u017eana je 1. avgusta.<\/p>\n<p>Savjet ASK je odbio da na dnevni red <a href=\"http:\/\/www.pcnen.com\/portal\/2019\/08\/12\/vujovic-iniciracu-provjeru-dodjele-stanova-funkcionerima\/\">uvrsti inicijativu za formiranje<\/a> radne grupe za kontrolu postupanja direktora Agencije Sretena Radonji\u0107a koji se odnosi na provjeru kartona onih koji su dobili stanove ili stambene kredite pod povoljnim uslovima, prenosi Mina.<\/p>\n","protected":false},"excerpt":{"rendered":"<p>Savjet je odbio da na dnevni red uvrsti inicijativu za formiranje radne grupe za kontrolu postupanja direktora Agencije Sretena Radonji\u0107a<\/p>\n","protected":false},"author":1,"featured_media":271916,"comment_status":"open","ping_status":"closed","sticky":false,"template":"","format":"standard","meta":{"_seopress_robots_primary_cat":"","_seopress_titles_title":"","_seopress_titles_desc":"","_seopress_robots_index":"","_et_pb_use_builder":"","_et_pb_old_content":"","_et_gb_content_width":"","inline_featured_image":false,"footnotes":""},"categories":[14,12],"tags":[],"class_list":["post-271915","post","type-post","status-publish","format-standard","has-post-thumbnail","hentry","category-vijesti","category-prica-dana"],"_links":{"self":[{"href":"https:\/\/www.pcnen.com\/portal\/wp-json\/wp\/v2\/posts\/271915","targetHints":{"allow":["GET"]}}],"collection":[{"href":"https:\/\/www.pcnen.com\/portal\/wp-json\/wp\/v2\/posts"}],"about":[{"href":"https:\/\/www.pcnen.com\/portal\/wp-json\/wp\/v2\/types\/post"}],"author":[{"embeddable":true,"href":"https:\/\/www.pcnen.com\/portal\/wp-json\/wp\/v2\/users\/1"}],"replies":[{"embeddable":true,"href":"https:\/\/www.pcnen.com\/portal\/wp-json\/wp\/v2\/comments?post=271915"}],"version-history":[{"count":0,"href":"https:\/\/www.pcnen.com\/portal\/wp-json\/wp\/v2\/posts\/271915\/revisions"}],"wp:featuredmedia":[{"embeddable":true,"href":"https:\/\/www.pcnen.com\/portal\/wp-json\/wp\/v2\/media\/271916"}],"wp:attachment":[{"href":"https:\/\/www.pcnen.com\/portal\/wp-json\/wp\/v2\/media?parent=271915"}],"wp:term":[{"taxonomy":"category","embeddable":true,"href":"https:\/\/www.pcnen.com\/portal\/wp-json\/wp\/v2\/categories?post=271915"},{"taxonomy":"post_tag","embeddable":true,"href":"https:\/\/www.pcnen.com\/portal\/wp-json\/wp\/v2\/tags?post=271915"}],"curies":[{"name":"wp","href":"https:\/\/api.w.org\/{rel}","templated":true}]}}