{"id":27189,"date":"2008-12-03T10:52:00","date_gmt":"2008-12-03T10:52:00","guid":{"rendered":"http:\/\/www.pcnen.com\/portal\/?p=27189"},"modified":"2008-12-03T10:52:00","modified_gmt":"2008-12-03T10:52:00","slug":"aplikacija-planirana-za-15-decembar","status":"publish","type":"post","link":"https:\/\/www.pcnen.com\/portal\/2008\/12\/03\/aplikacija-planirana-za-15-decembar\/","title":{"rendered":"Aplikacija planirana za 15. decembar"},"content":{"rendered":"<p>Zahtjev za \u010dlanstvo Crne Gore u EU planirano je da bude predat 15. decembra, saop&scaron;tio je <em>Vijestima<\/em> izvor iz dr\u017eavnog vrha.<\/p>\n<p>Ko i na koji na\u010din \u0107e predati palikaciju bi\u0107e odlu\u010deno naknadno, kazao je izvorlista.<\/p>\n<p>Francuska, predsjedavaju\u0107a EU do 31. decembra, o&scaron;tro se protivila predaji kandidature.&nbsp; Zbog toga su u Parizu nedavno boravili &scaron;ef parlamenta Ranko Krivokapi\u0107 i potpredsjednica Vlade Gordana \u0110urovi\u0107. <\/p>\n<p>\u0110urovi\u0107 je ju\u010de kazala da \u0107e Crna Gora aplicirati za kandidata za \u010dlanstvo u EU do kraja godine. Ona je <em>Radiju Antena M<\/em> rekla da je crnogorska vlast o tome postigla dogovor sa partnerima iz EU, ali da ne mo\u017ee precizno saop&scaron;titi datum aplikacije zato &scaron;to nema mandat za to.<\/p>\n","protected":false},"excerpt":{"rendered":"<p>Zahtjev za \u010dlanstvo Crne Gore u EU planirano je da bude predat 15. decembra, saop&scaron;tio je Vijestima izvor iz dr\u017eavnog vrha. Ko i na koji na\u010din \u0107e predati palikaciju bi\u0107e odlu\u010deno naknadno, kazao je izvorlista. Francuska, predsjedavaju\u0107a EU do 31. decembra, o&scaron;tro se protivila predaji kandidature.&nbsp; Zbog toga su u Parizu nedavno boravili &scaron;ef parlamenta [&hellip;]<\/p>\n","protected":false},"author":1,"featured_media":0,"comment_status":"open","ping_status":"closed","sticky":false,"template":"","format":"standard","meta":{"_seopress_robots_primary_cat":"","_seopress_titles_title":"","_seopress_titles_desc":"","_seopress_robots_index":"","_et_pb_use_builder":"","_et_pb_old_content":"","_et_gb_content_width":"","inline_featured_image":false,"footnotes":""},"categories":[14],"tags":[],"class_list":["post-27189","post","type-post","status-publish","format-standard","hentry","category-vijesti"],"_links":{"self":[{"href":"https:\/\/www.pcnen.com\/portal\/wp-json\/wp\/v2\/posts\/27189","targetHints":{"allow":["GET"]}}],"collection":[{"href":"https:\/\/www.pcnen.com\/portal\/wp-json\/wp\/v2\/posts"}],"about":[{"href":"https:\/\/www.pcnen.com\/portal\/wp-json\/wp\/v2\/types\/post"}],"author":[{"embeddable":true,"href":"https:\/\/www.pcnen.com\/portal\/wp-json\/wp\/v2\/users\/1"}],"replies":[{"embeddable":true,"href":"https:\/\/www.pcnen.com\/portal\/wp-json\/wp\/v2\/comments?post=27189"}],"version-history":[{"count":0,"href":"https:\/\/www.pcnen.com\/portal\/wp-json\/wp\/v2\/posts\/27189\/revisions"}],"wp:attachment":[{"href":"https:\/\/www.pcnen.com\/portal\/wp-json\/wp\/v2\/media?parent=27189"}],"wp:term":[{"taxonomy":"category","embeddable":true,"href":"https:\/\/www.pcnen.com\/portal\/wp-json\/wp\/v2\/categories?post=27189"},{"taxonomy":"post_tag","embeddable":true,"href":"https:\/\/www.pcnen.com\/portal\/wp-json\/wp\/v2\/tags?post=27189"}],"curies":[{"name":"wp","href":"https:\/\/api.w.org\/{rel}","templated":true}]}}