{"id":271873,"date":"2019-08-19T13:22:08","date_gmt":"2019-08-19T11:22:08","guid":{"rendered":"http:\/\/www.pcnen.com\/portal\/?p=271873"},"modified":"2019-08-19T13:22:08","modified_gmt":"2019-08-19T11:22:08","slug":"zabranjena-liturgija-u-crkvi-na-ivanovim-koritima","status":"publish","type":"post","link":"https:\/\/www.pcnen.com\/portal\/2019\/08\/19\/zabranjena-liturgija-u-crkvi-na-ivanovim-koritima\/","title":{"rendered":"Zabranjena liturgija u crkvi na Ivanovim koritima"},"content":{"rendered":"<p><img loading=\"lazy\" decoding=\"async\" class=\"alignright size-full wp-image-149284\" src=\"http:\/\/www.pcnen.com\/portal\/wp-content\/uploads\/2014\/06\/krst.jpg\" alt=\"\" width=\"255\" height=\"160\" \/>Uprava policije Crne Gore je zabranila sve\u0161tenstvu Mitropolije crnogorsko-primorske da na Preobra\u017eenje u crkvi posve\u0107enoj tom prazniku na Ivanovim koritima slu\u017ee liturgiju povodom slave tog hrama, pi\u0161e na sajtu Mitropolije, bez obja\u0161njenja \u0161ta je razlog zabrani.<\/p>\n<p>&#8220;Vi\u0161e od 15 policajaca i interventna vozila bila su raspore\u0111ena oko crkve. Onemogu\u0107ili su sve\u0161tenstvu, protojereju-stavroforu Gojku Perovi\u0107u, Obrenu Jovanovi\u0107u i \u0111akonu Du\u0161anu Bigovi\u0107u, kao i Rajku Radusinovi\u0107u, predsjedniku Crkvene op\u0161tine Cetinje, da u\u0111u u ovaj hram&#8221;, navedeno je u saop\u0161tenju.<\/p>\n<p>Policija je postupala po rje\u0161enju Ministarstva unutra\u0161njih poslova koje je zabranilo odr\u017eavanje slu\u017ebe.<\/p>\n<p>&#8220;Mitropolija crnogorsko-primorska uredno je prijavila odr\u017eavanje i pravni tim Mitropolije na to rje\u0161enje ulo\u017eilo je \u017ealbu Upravnom sudu, na koju nije dobijen odgovor&#8221;, istakli su oni.<\/p>\n<p>Iz Mitropolije ka\u017eu da je nezapam\u0107eno da se u savremenoj Crnoj Gori zabranjuju bogoslu\u017eenja i to u hramu koji je svojina Mitropolije crnogorsko-primorske.<\/p>\n<p>&#8220;Ovakvo postupanje i zabrane slu\u017ebi nijesu karakteristika savremenih dru\u0161tava&#8221;, smatraju u Mitropoliji.<\/p>\n<p>U Mitropoliji crnogorsko-primorskoj se nadaju da \u0107e dogodine mo\u0107i taj praznik proslaviti i na Ivanovim koritima.<\/p>\n","protected":false},"excerpt":{"rendered":"<p>Ovakvo postupanje i zabrane slu\u017ebi nijesu karakteristika savremenih dru\u0161tava<\/p>\n","protected":false},"author":1,"featured_media":0,"comment_status":"open","ping_status":"closed","sticky":false,"template":"","format":"standard","meta":{"_seopress_robots_primary_cat":"","_seopress_titles_title":"","_seopress_titles_desc":"","_seopress_robots_index":"","_et_pb_use_builder":"","_et_pb_old_content":"","_et_gb_content_width":"","inline_featured_image":false,"footnotes":""},"categories":[14],"tags":[],"class_list":["post-271873","post","type-post","status-publish","format-standard","hentry","category-vijesti"],"_links":{"self":[{"href":"https:\/\/www.pcnen.com\/portal\/wp-json\/wp\/v2\/posts\/271873","targetHints":{"allow":["GET"]}}],"collection":[{"href":"https:\/\/www.pcnen.com\/portal\/wp-json\/wp\/v2\/posts"}],"about":[{"href":"https:\/\/www.pcnen.com\/portal\/wp-json\/wp\/v2\/types\/post"}],"author":[{"embeddable":true,"href":"https:\/\/www.pcnen.com\/portal\/wp-json\/wp\/v2\/users\/1"}],"replies":[{"embeddable":true,"href":"https:\/\/www.pcnen.com\/portal\/wp-json\/wp\/v2\/comments?post=271873"}],"version-history":[{"count":0,"href":"https:\/\/www.pcnen.com\/portal\/wp-json\/wp\/v2\/posts\/271873\/revisions"}],"wp:attachment":[{"href":"https:\/\/www.pcnen.com\/portal\/wp-json\/wp\/v2\/media?parent=271873"}],"wp:term":[{"taxonomy":"category","embeddable":true,"href":"https:\/\/www.pcnen.com\/portal\/wp-json\/wp\/v2\/categories?post=271873"},{"taxonomy":"post_tag","embeddable":true,"href":"https:\/\/www.pcnen.com\/portal\/wp-json\/wp\/v2\/tags?post=271873"}],"curies":[{"name":"wp","href":"https:\/\/api.w.org\/{rel}","templated":true}]}}