{"id":271855,"date":"2019-08-19T08:20:05","date_gmt":"2019-08-19T06:20:05","guid":{"rendered":"http:\/\/www.pcnen.com\/portal\/?p=271855"},"modified":"2019-08-19T08:20:05","modified_gmt":"2019-08-19T06:20:05","slug":"haradinaj-ispravljeni-sektori-u-pravcu-kule-i-cakora","status":"publish","type":"post","link":"https:\/\/www.pcnen.com\/portal\/2019\/08\/19\/haradinaj-ispravljeni-sektori-u-pravcu-kule-i-cakora\/","title":{"rendered":"Haradinaj: Ispravljeni sektori u pravcu Kule i \u010cakora"},"content":{"rendered":"<p>Ramu\u0161 Haradinaj, kosovski premijer u ostavci, tvrdi da je korigovana kosovsko \u2013 crnogorska granica tako \u0161to su ispravljeni sektori u pravcu Kule i \u010cakora, prema Crnoj Gori.<\/p>\n<p>&#8220;Uspjeli smo da ispravimo sektore u pravcu Kule i \u010cakora i sa premijerom Crne Gore dogovorili smo da me\u0111udr\u017eavne komisije treba da po\u010dnu da rade u optimalnom vremenskom roku&#8221;, naveo je Haradinaj na Fejsbuku, prenosi B92.<\/p>\n<p><img loading=\"lazy\" decoding=\"async\" class=\"alignleft  wp-image-247676\" src=\"http:\/\/www.pcnen.com\/portal\/wp-content\/uploads\/2018\/06\/haradinaj-1.jpg\" alt=\"\" width=\"174\" height=\"136\" \/>Haradinaj je u julu objavio na toj dru\u0161tvenoj mre\u017ei da \u0107e se uskoro sastati komisije Kosova i Crne Gore kako bi ponovo razmotrile demarkaciju u pravcu Kule i \u010cakora i pritom zahvalio crnogorskom premijeru Du\u0161ku Markovi\u0107u &#8220;za konstruktivni prilog i izra\u017eenu volju za ja\u010danje prijateljstva i saradnje&#8221;.<img loading=\"lazy\" decoding=\"async\" class=\"alignright  wp-image-135993\" src=\"http:\/\/www.pcnen.com\/portal\/wp-content\/uploads\/2014\/01\/Dusko-Markovic-450x273.jpg\" alt=\"\" width=\"269\" height=\"163\" \/><\/p>\n<p>RTK2 na srpskom jeziku je u julu preneo da je Haradinaj tokom Samita Zapadnog Balkana u Poznanju o pitanju ponovnog razmatranja sporazuma o demarkaciji sa Crnom Gorom razgovarao sa Markovi\u0107em.<\/p>\n<p>Sporazum o demarkaciji izme\u0111u Podgorice i Pri\u0161tine, koji je potpisan u Be\u010du 26. avgusta 2015. godine, stupio je na snagu 4. juna pro\u0161le godine.<\/p>\n<p>Rije\u010d je o me\u0111i od oko 79 kilometara, koja je bila utvr\u0111ena Ustavom SFRJ iz 1974. godine.<\/p>\n","protected":false},"excerpt":{"rendered":"<p>Haradinaj je u julu objavio da \u0107e se uskoro sastati komisije Kosova i Crne Gore kako bi ponovo razmotrile demarkaciju u pravcu Kule i \u010cakora<\/p>\n","protected":false},"author":1,"featured_media":0,"comment_status":"open","ping_status":"closed","sticky":false,"template":"","format":"standard","meta":{"_seopress_robots_primary_cat":"","_seopress_titles_title":"","_seopress_titles_desc":"","_seopress_robots_index":"","_et_pb_use_builder":"","_et_pb_old_content":"","_et_gb_content_width":"","inline_featured_image":false,"footnotes":""},"categories":[14,12],"tags":[],"class_list":["post-271855","post","type-post","status-publish","format-standard","hentry","category-vijesti","category-prica-dana"],"_links":{"self":[{"href":"https:\/\/www.pcnen.com\/portal\/wp-json\/wp\/v2\/posts\/271855","targetHints":{"allow":["GET"]}}],"collection":[{"href":"https:\/\/www.pcnen.com\/portal\/wp-json\/wp\/v2\/posts"}],"about":[{"href":"https:\/\/www.pcnen.com\/portal\/wp-json\/wp\/v2\/types\/post"}],"author":[{"embeddable":true,"href":"https:\/\/www.pcnen.com\/portal\/wp-json\/wp\/v2\/users\/1"}],"replies":[{"embeddable":true,"href":"https:\/\/www.pcnen.com\/portal\/wp-json\/wp\/v2\/comments?post=271855"}],"version-history":[{"count":0,"href":"https:\/\/www.pcnen.com\/portal\/wp-json\/wp\/v2\/posts\/271855\/revisions"}],"wp:attachment":[{"href":"https:\/\/www.pcnen.com\/portal\/wp-json\/wp\/v2\/media?parent=271855"}],"wp:term":[{"taxonomy":"category","embeddable":true,"href":"https:\/\/www.pcnen.com\/portal\/wp-json\/wp\/v2\/categories?post=271855"},{"taxonomy":"post_tag","embeddable":true,"href":"https:\/\/www.pcnen.com\/portal\/wp-json\/wp\/v2\/tags?post=271855"}],"curies":[{"name":"wp","href":"https:\/\/api.w.org\/{rel}","templated":true}]}}