{"id":271829,"date":"2019-08-18T17:33:34","date_gmt":"2019-08-18T15:33:34","guid":{"rendered":"http:\/\/www.pcnen.com\/portal\/?p=271829"},"modified":"2019-08-18T17:33:34","modified_gmt":"2019-08-18T15:33:34","slug":"suncano-i-toplo-19","status":"publish","type":"post","link":"https:\/\/www.pcnen.com\/portal\/2019\/08\/18\/suncano-i-toplo-19\/","title":{"rendered":"Sun\u010dano i toplo"},"content":{"rendered":"<p>Prete\u017eno sun\u010dano i toplo uz slab razvoj dnevne obla\u010dnosti.<\/p>\n<p>Po kotlinama na sjeveru Crne Gore \u0107e ujutru biti mogu\u0107a kratkotrajna magla.<\/p>\n<p><img loading=\"lazy\" decoding=\"async\" class=\"alignleft size-medium wp-image-231308\" src=\"http:\/\/www.pcnen.com\/portal\/wp-content\/uploads\/2017\/08\/suncobran-300x200.jpg\" alt=\"\" width=\"300\" height=\"200\" \/>Vjetar promjenljivog smjera bi\u0107e slab do umjeren.<\/p>\n<p>Jutarnja temperatura vazduha bi\u0107e u rasponu od 9 do 23, a najvi\u0161a dnevna od 26 do 36 stepeni.<\/p>\n<p>U Podgorici \u0107e biti prete\u017eno sun\u010dano i veoma toplo.<\/p>\n<p>Promjenljiv vjetar bi\u0107e slab do umjeren, a jutarnja temperatura vazduha oko 19. Najvi\u0161a dnevna temperature dostiza\u0107e 36 stepeni.<\/p>\n<p><a href=\"http:\/\/www.meteo.co.me\/misc.php?text=121&amp;sektor=1&amp;grad=BER\">Prognoza za ostale gradove.<\/a><\/p>\n","protected":false},"excerpt":{"rendered":"<p>Jutarnja temperatura vazduha bi\u0107e u rasponu od 9 do 23, a najvi\u0161a dnevna od 26 do 36 stepeni<\/p>\n","protected":false},"author":1,"featured_media":225894,"comment_status":"open","ping_status":"closed","sticky":false,"template":"","format":"standard","meta":{"_seopress_robots_primary_cat":"","_seopress_titles_title":"","_seopress_titles_desc":"","_seopress_robots_index":"","_et_pb_use_builder":"","_et_pb_old_content":"","_et_gb_content_width":"","inline_featured_image":false,"footnotes":""},"categories":[14,12],"tags":[],"class_list":["post-271829","post","type-post","status-publish","format-standard","has-post-thumbnail","hentry","category-vijesti","category-prica-dana"],"_links":{"self":[{"href":"https:\/\/www.pcnen.com\/portal\/wp-json\/wp\/v2\/posts\/271829","targetHints":{"allow":["GET"]}}],"collection":[{"href":"https:\/\/www.pcnen.com\/portal\/wp-json\/wp\/v2\/posts"}],"about":[{"href":"https:\/\/www.pcnen.com\/portal\/wp-json\/wp\/v2\/types\/post"}],"author":[{"embeddable":true,"href":"https:\/\/www.pcnen.com\/portal\/wp-json\/wp\/v2\/users\/1"}],"replies":[{"embeddable":true,"href":"https:\/\/www.pcnen.com\/portal\/wp-json\/wp\/v2\/comments?post=271829"}],"version-history":[{"count":0,"href":"https:\/\/www.pcnen.com\/portal\/wp-json\/wp\/v2\/posts\/271829\/revisions"}],"wp:featuredmedia":[{"embeddable":true,"href":"https:\/\/www.pcnen.com\/portal\/wp-json\/wp\/v2\/media\/225894"}],"wp:attachment":[{"href":"https:\/\/www.pcnen.com\/portal\/wp-json\/wp\/v2\/media?parent=271829"}],"wp:term":[{"taxonomy":"category","embeddable":true,"href":"https:\/\/www.pcnen.com\/portal\/wp-json\/wp\/v2\/categories?post=271829"},{"taxonomy":"post_tag","embeddable":true,"href":"https:\/\/www.pcnen.com\/portal\/wp-json\/wp\/v2\/tags?post=271829"}],"curies":[{"name":"wp","href":"https:\/\/api.w.org\/{rel}","templated":true}]}}