{"id":271826,"date":"2019-08-18T17:21:08","date_gmt":"2019-08-18T15:21:08","guid":{"rendered":"http:\/\/www.pcnen.com\/portal\/?p=271826"},"modified":"2019-08-18T17:22:29","modified_gmt":"2019-08-18T15:22:29","slug":"tri-puta-vise-sumskih-pozara-u-eu","status":"publish","type":"post","link":"https:\/\/www.pcnen.com\/portal\/2019\/08\/18\/tri-puta-vise-sumskih-pozara-u-eu\/","title":{"rendered":"Tri puta vi\u0161e \u0161umskih po\u017eara u EU"},"content":{"rendered":"<p>Do sada ove godine u EU je zabilje\u017eeno vi\u0161e od 1.600 po\u017eara u prirodi, tri puta vi\u0161e od prosjeka u posljednjih deset godina.<\/p>\n<p>Prema Kopernikusovom Evropskom informacionom sistemu za \u0161umske po\u017eare (EFFIS), izme\u0111u 2008. i 2018. do sredine a<img loading=\"lazy\" decoding=\"async\" class=\"alignleft size-medium wp-image-88850\" src=\"http:\/\/www.pcnen.com\/portal\/wp-content\/uploads\/2012\/07\/pozar01-300x192.jpg\" alt=\"\" width=\"300\" height=\"192\" \/>vgusta registrovano je u prosjeku 464 po\u017eara. Ove godine, pokazuju najnoviji podaci, od po\u010detka godine do polovine avgusta zabilje\u017eeno je 1.626 po\u017eara.<\/p>\n<p>Ovogodi\u0161nji po\u017eari su pretvorili u pepeo 271.000 hekatara, za 100.000 vi\u0161e od proseka u prethodnih deset godina, prenosi <a href=\"https:\/\/www.euractiv.rs\/eu-prioriteti\/14072-tri-puta-vie-umskih-poara-u-eu\">euractiv.rs.<\/a><\/p>\n","protected":false},"excerpt":{"rendered":"<p>Ovogodi\u0161nji po\u017eari su pretvorili u pepeo 271.000 hekatara, za 100.000 vi\u0161e od proseka u prethodnih deset godina<\/p>\n","protected":false},"author":1,"featured_media":0,"comment_status":"open","ping_status":"closed","sticky":false,"template":"","format":"standard","meta":{"_seopress_robots_primary_cat":"","_seopress_titles_title":"","_seopress_titles_desc":"","_seopress_robots_index":"","_et_pb_use_builder":"","_et_pb_old_content":"","_et_gb_content_width":"","inline_featured_image":false,"footnotes":""},"categories":[14,12],"tags":[],"class_list":["post-271826","post","type-post","status-publish","format-standard","hentry","category-vijesti","category-prica-dana"],"_links":{"self":[{"href":"https:\/\/www.pcnen.com\/portal\/wp-json\/wp\/v2\/posts\/271826","targetHints":{"allow":["GET"]}}],"collection":[{"href":"https:\/\/www.pcnen.com\/portal\/wp-json\/wp\/v2\/posts"}],"about":[{"href":"https:\/\/www.pcnen.com\/portal\/wp-json\/wp\/v2\/types\/post"}],"author":[{"embeddable":true,"href":"https:\/\/www.pcnen.com\/portal\/wp-json\/wp\/v2\/users\/1"}],"replies":[{"embeddable":true,"href":"https:\/\/www.pcnen.com\/portal\/wp-json\/wp\/v2\/comments?post=271826"}],"version-history":[{"count":0,"href":"https:\/\/www.pcnen.com\/portal\/wp-json\/wp\/v2\/posts\/271826\/revisions"}],"wp:attachment":[{"href":"https:\/\/www.pcnen.com\/portal\/wp-json\/wp\/v2\/media?parent=271826"}],"wp:term":[{"taxonomy":"category","embeddable":true,"href":"https:\/\/www.pcnen.com\/portal\/wp-json\/wp\/v2\/categories?post=271826"},{"taxonomy":"post_tag","embeddable":true,"href":"https:\/\/www.pcnen.com\/portal\/wp-json\/wp\/v2\/tags?post=271826"}],"curies":[{"name":"wp","href":"https:\/\/api.w.org\/{rel}","templated":true}]}}