{"id":271778,"date":"2019-08-18T07:02:24","date_gmt":"2019-08-18T05:02:24","guid":{"rendered":"http:\/\/www.pcnen.com\/portal\/?p=271778"},"modified":"2019-08-17T22:07:07","modified_gmt":"2019-08-17T20:07:07","slug":"heroji-mira-razorni-feral","status":"publish","type":"post","link":"https:\/\/www.pcnen.com\/portal\/2019\/08\/18\/heroji-mira-razorni-feral\/","title":{"rendered":"Heroji mira: Razorni Feral"},"content":{"rendered":"<p><strong>Pi\u0161e: Hrvoje \u0160imi\u010devi\u0107<\/strong><\/p>\n<p>Iz temeljnog aksioma da novinar nije pla\u0107en kako bi odobravao i reciklirao povr\u0161na kolektivisti\u010dka uvjerenja, nego da mu je posao ba\u0161 ta uvjerenja preispitivati i osporavati \u2013 aksioma koje se \u010dini tako o\u010ditim, ali ga je ve\u0107ina svejedno odu\u0161evljeno odbacila \u2013 po\u010deo je nicati fascinantan \u017eurnalisti\u010dko-satiri\u010dki opus, posve jedinstven u hrvatskom novinarstvu. On nudi posve razli\u010dit pogled na rat od onoga koji se s godinama, \u010dak i u neovisnim medijima, okamenio u slu\u017ebeni, danas ozakonjen u apsurdnoj po\u0161tapalici o \u2018svetosti Domovinskog rata\u2019. Ratno razdoblje autora iz Feral Tribunea \u2013 njihove ratne reporta\u017ee, komentari o zabrinjavaju\u0107oj eksploziji nacionalizma u Hrvatskoj, izvje\u0161taji o HDZ-ovoj uzurpaciji medija, a nadasve Feralova satira \u2013 bili su dostojan uvod u zlatno doba Ferala, u posljednje desetlje\u0107e dvadesetog stolje\u0107a.<\/p>\n<p><img loading=\"lazy\" decoding=\"async\" class=\"alignleft size-medium wp-image-259388\" src=\"http:\/\/www.pcnen.com\/portal\/wp-content\/uploads\/2019\/01\/feral-241x300.jpg\" alt=\"\" width=\"241\" height=\"300\" srcset=\"https:\/\/www.pcnen.com\/portal\/wp-content\/uploads\/2019\/01\/feral-241x300.jpg 241w, https:\/\/www.pcnen.com\/portal\/wp-content\/uploads\/2019\/01\/feral-235x293.jpg 235w, https:\/\/www.pcnen.com\/portal\/wp-content\/uploads\/2019\/01\/feral-75x93.jpg 75w, https:\/\/www.pcnen.com\/portal\/wp-content\/uploads\/2019\/01\/feral.jpg 350w, https:\/\/www.pcnen.com\/portal\/wp-content\/uploads\/2019\/01\/feral-220x274.jpg 220w\" sizes=\"(max-width: 241px) 100vw, 241px\" \/>Tako o zna\u010daju Ferala prije Ferala pi\u0161e Boris Paveli\u0107 u knjizi \u2018Smijeh slobode\u2019. Dobar dio ratnog razdoblja Viktor Ivan\u010di\u0107, Boris De\u017eulovi\u0107 i Predrag Luci\u0107 tumarali su po boji\u0161nicama, \u0161alju\u0107i u Slobodnu Dalmaciju potresne bilje\u0161ke o ljudskom stradanju. Za razliku od ve\u0107ine \u017eurnalista, postrojenih u propagandnu bojnu Hrvatske vojske, njihova su vi\u0111enja bila li\u0161ena feti\u0161iziranja smrti kao uzvi\u0161enog \u010dina polaganja \u017eivota na oltar domovine. To se nije svidjelo nositeljima vlasti. Ubrzo je do\u0161lo do okupacije Slobodne, lista u kojem su kroz satiru i ozbiljne tekstove upozoravali na nadiru\u0107e ludilo hrvatskog nacionalizma. Nakon upada Miroslava Kutle u splitski dnevnik, tiskali su 1993. prvi broj neovisnog Feral Tribunea. Od kioska do ku\u0107e, neki su ga \u010ditatelji nosili zamotanog u izdanje Slobodne, stvaraju\u0107i usput metaforu za budu\u0107i odnos dr\u017eavotvorne okoline prema ovom mediju. U radu su im se pridru\u017eili brojni novinari i urednici poput Zorana Ercega, Marinka \u010culi\u0107a, \u0110ermana Senjanovi\u0107a, Heni Erceg, Jelene Lovri\u0107 i Drage Hedla, \u010diji su mediji do\u017eivjeli sli\u010dnu sudbinu kao Slobodna.<\/p>\n<p>Re\u017eim je mo\u017eda okupirao ve\u0107inu medija i dru\u0161tva, ali je novi medij iskoristio impresivan rugala\u010dki kapacitet za subverziju re\u017eimskih ratnohu\u0161ka\u010dkih poruka. Kroz Luci\u0107evu satiri\u010dku reinvenciju poznatih pjesama i borbenih budnica, izmi\u0161ljene verzije pravih razgovora gospodara rata, razne rubrike i naslovnice na kojima su \u0161iritelji mr\u017enje stavljani u prirodni pornografski ambijent, oblikovana je najrazornija antiratna pri\u010da na ovim prostorima. U njenom sredi\u0161tu bila je nesmiljena kritika nositelja mo\u0107i i za\u0161tita \u017ertava njihovih odluka, od gra\u0111ana srpske nacionalnosti do ugro\u017eenih humanisti\u010dkih ideala \u2013 slobode govora, ljudskih prava i drugih vrednota koje su hrvatski ustavotvorci izvrdavali na svakodnevnoj razini.<\/p>\n<p>Novinari poput Hedla, Zorana Daskalovi\u0107a, ne\u0161to kasnije Ivice \u0110iki\u0107a i Vladimira Matijani\u0107a, stavljali su naglasak na istra\u017eiva\u010dke pri\u010de koje su razotkrivale zlo\u010dina\u010dke \u2018\u010dinidbe\u2019 Tu\u0111manove politike. Feral je, rije\u010dima Ivan\u010di\u0107a, \u010desto \u2018otkrivao\u2019 ono \u0161to su svi znali, ali nisu htjeli objaviti. Iako su se i neki drugi mediji po\u010detkom devedesetih bavili pogubnim politikama hrvatske vlasti, to je u splitskom tjedniku bio sto\u017eerni projekt, rukovo\u0111en maksimom o temeljitim higijenskim radovima na vlastitom pragu.<\/p>\n<p>Tako je hrvatska i me\u0111unarodna javnost dobila uvid u plansko \u010di\u0161\u0107enje urbanih podru\u010dja od srpskih civila s potpisom dr\u017eave, masovna ubojstva u Pakra\u010dkoj Poljani, Gospi\u0107u, Sisku i Osijeku, priru\u010dne logore u Hrvatskoj i Hercegovini, kulturocid u Mostaru, \u2018bezbosni\u0161tvo\u2019 u vidu poku\u0161aja podjele Bosne izme\u0111u Tu\u0111mana i Milo\u0161evi\u0107a i posljedi\u010dnog daytonskog rje\u0161enja s dva entiteta. Zabilje\u017eeno je i ra\u0111anje nacionalisti\u010dke kulturne hegemonije, koncepta koji je stajao iza spaljivanja nepo\u0107udnih knjiga, napada na kulturno-politi\u010dku opoziciju, usta\u0161kog revizionizma i pridru\u017eenog klerofa\u0161izma.<\/p>\n<p>Feral je od prvoga dana otvorio najve\u0107i prostor za kriti\u010dare rata i zatim nacionalisti\u010dkog pora\u0107a, ustupaju\u0107i novinske stupce progresivnim teolozima, oporbenim politi\u010darima, piscima, ljudskoprava\u0161ima i intelektualcima iz Hrvatske i okolnih zemalja. Najlucidnije antiratne kronike politi\u010dkog, moralnog i intelektualnog truljenja BiH i Srbije devedesetih ispisali su Feralovi dopisnici Ivan Lovrenovi\u0107 i Petar Lukovi\u0107.<\/p>\n<p>\u2018\u0421\u0442\u043e\u043f \u0434 \u0432\u043e\u0440 \u0438\u043d \u041a\u0440\u043e\u0435\u0458\u0448\u0430\u2019, stajalo je na naslovnici broja povodom akcije \u2018Oluja\u2019, nakon kojeg su objavljene informacije o planskom spaljivanju Krajine i reporta\u017ea o hrvatskim gra\u0111anima \u0161to su se iz Splita vlakom uputili u plja\u010dku Knina. Redakcija je dobila policijsku za\u0161titu. \u010cuvali su ih od re\u017eimski induciranog terora koji je pratio Feral od prvih dana. Novinari i urednici su pra\u0107eni i prislu\u0161kivani, obavje\u0161tajna zajednica spaljivala je list u centru Splita, bomba je eksplodirala u redakciji iz koje su se nedugo prije iselili, a Viktor Ivan\u010di\u0107 postao je jedini urednik koji je mobiliziran.<\/p>\n<p>Represivnoj odmazdi re\u017eima, koji je dao nemali doprinos Feralovom osvajanju brojnih me\u0111unarodnih nagrada, dodana je strategija financijskog iscrpljivanja lista, od poreza za pornografske \u010dasopise do niza sudskih tu\u017ebi. Dizali su ih likovi poput Tomislava Mer\u010depa, Miroslava Kutle, Nevenke Tu\u0111man, Ante \u0110api\u0107a i brojnih ratnih, tajkunskih i politi\u010dkih strvinara koji su uz blagoslov HDZ-a \u010dvakali razvaline Jugoslavije. U \u2018slobodnotr\u017ei\u0161nim\u2019 okolnostima, dirigiranima nevidljivom rukom politike, Feral je prestao izlaziti 13 godina nakon rata, 2008. godine.<\/p>\n<p><a href=\"https:\/\/www.portalnovosti.com\/heroji-mira-razorni-feral\">Portal Novosti<\/a><\/p>\n","protected":false},"excerpt":{"rendered":"<p>Feral je od prvoga dana otvorio najve\u0107i prostor za kriti\u010dare rata i zatim nacionalisti\u010dkog pora\u0107a<\/p>\n","protected":false},"author":1,"featured_media":271779,"comment_status":"open","ping_status":"closed","sticky":false,"template":"","format":"standard","meta":{"_seopress_robots_primary_cat":"","_seopress_titles_title":"","_seopress_titles_desc":"","_seopress_robots_index":"","_et_pb_use_builder":"","_et_pb_old_content":"","_et_gb_content_width":"","inline_featured_image":false,"footnotes":""},"categories":[5],"tags":[],"class_list":["post-271778","post","type-post","status-publish","format-standard","has-post-thumbnail","hentry","category-drugi-pisu"],"_links":{"self":[{"href":"https:\/\/www.pcnen.com\/portal\/wp-json\/wp\/v2\/posts\/271778","targetHints":{"allow":["GET"]}}],"collection":[{"href":"https:\/\/www.pcnen.com\/portal\/wp-json\/wp\/v2\/posts"}],"about":[{"href":"https:\/\/www.pcnen.com\/portal\/wp-json\/wp\/v2\/types\/post"}],"author":[{"embeddable":true,"href":"https:\/\/www.pcnen.com\/portal\/wp-json\/wp\/v2\/users\/1"}],"replies":[{"embeddable":true,"href":"https:\/\/www.pcnen.com\/portal\/wp-json\/wp\/v2\/comments?post=271778"}],"version-history":[{"count":0,"href":"https:\/\/www.pcnen.com\/portal\/wp-json\/wp\/v2\/posts\/271778\/revisions"}],"wp:featuredmedia":[{"embeddable":true,"href":"https:\/\/www.pcnen.com\/portal\/wp-json\/wp\/v2\/media\/271779"}],"wp:attachment":[{"href":"https:\/\/www.pcnen.com\/portal\/wp-json\/wp\/v2\/media?parent=271778"}],"wp:term":[{"taxonomy":"category","embeddable":true,"href":"https:\/\/www.pcnen.com\/portal\/wp-json\/wp\/v2\/categories?post=271778"},{"taxonomy":"post_tag","embeddable":true,"href":"https:\/\/www.pcnen.com\/portal\/wp-json\/wp\/v2\/tags?post=271778"}],"curies":[{"name":"wp","href":"https:\/\/api.w.org\/{rel}","templated":true}]}}