{"id":271733,"date":"2019-08-17T16:48:51","date_gmt":"2019-08-17T14:48:51","guid":{"rendered":"http:\/\/www.pcnen.com\/portal\/?p=271733"},"modified":"2019-08-17T17:34:52","modified_gmt":"2019-08-17T15:34:52","slug":"u-zenevi-skup-o-zastiti-ugrozene-faune-i-flore-u-svijetu","status":"publish","type":"post","link":"https:\/\/www.pcnen.com\/portal\/2019\/08\/17\/u-zenevi-skup-o-zastiti-ugrozene-faune-i-flore-u-svijetu\/","title":{"rendered":"U \u017denevi skup o za\u0161titi ugro\u017eene faune i flore u svijetu"},"content":{"rendered":"<p><img loading=\"lazy\" decoding=\"async\" class=\"alignleft size-full wp-image-114350\" src=\"http:\/\/www.pcnen.com\/portal\/wp-content\/uploads\/2013\/05\/pasoflora.jpg\" alt=\"\" width=\"270\" height=\"203\" \/>Me\u0111unarodna konferencija o \u017eivotnoj sredini po\u010dela je danas u \u017denevi na kojoj \u0107e se tokom 12 dana razmotriti poo\u0161travanje zabrane trgovine kljovama slonova, rogovima nosoroga, odnosno uop\u0161te \u017eivotinjama i ugro\u017eenim biljnim vrstama kojima prijeti izumiranje.<\/p>\n<p>Nekoliko hiljada delegata iz 180 zemalja, kao i politi\u010dki zvani\u010dnici i aktivisti za\u0161tite \u017eivotne sredine, razgovara\u0107e u \u017denevi o 56 predloga za poja\u010danje za\u0161tite divljih \u017eivotinja i biljaka po Konvenciji o me\u0111unarodnom prometu ugro\u017eenih vrsta divlje flore i faune (Convention on International Trade in Endangered Species of Wild Fauna and Flora \u2013 CITES), prenosi Beta.<\/p>\n<p>Cilj CITES je smanjivanje me\u0111unarodne trgovine biljnim i \u017eivotinjskim vrstama do mjere koja ne mo\u017ee dovesti do njihovog ugro\u017eavanja. Ta konvencija, ustanovljena prije vi\u0161e od 40 godina, odre\u0111uje propise trgovine za oko 35.000 divljih \u017eivotinjskih i biljnih vrsta.<\/p>\n<p>Konvencija sadr\u017ei mehanizam za ka\u017enjavanje zemalja koje ne po\u0161tuju propise.<\/p>\n<p>Skup u \u017denevi se odr\u017eava nakon su UN u maju objavile izvje\u0161taj u kojem se navodi da je oko milion vrsta ugro\u017eeno izumiranjem.<\/p>\n","protected":false},"excerpt":{"rendered":"<p>Nekoliko hiljada delegata iz 180 zemalja, kao i politi\u010dki zvani\u010dnici i aktivisti za\u0161tite \u017eivotne sredine, razgovara\u0107e u \u017denevi o 56 predloga za poja\u010danje za\u0161tite divljih \u017eivotinja i biljaka<\/p>\n","protected":false},"author":1,"featured_media":0,"comment_status":"open","ping_status":"closed","sticky":false,"template":"","format":"standard","meta":{"_seopress_robots_primary_cat":"","_seopress_titles_title":"","_seopress_titles_desc":"","_seopress_robots_index":"","_et_pb_use_builder":"","_et_pb_old_content":"","_et_gb_content_width":"","inline_featured_image":false,"footnotes":""},"categories":[14,12],"tags":[],"class_list":["post-271733","post","type-post","status-publish","format-standard","hentry","category-vijesti","category-prica-dana"],"_links":{"self":[{"href":"https:\/\/www.pcnen.com\/portal\/wp-json\/wp\/v2\/posts\/271733","targetHints":{"allow":["GET"]}}],"collection":[{"href":"https:\/\/www.pcnen.com\/portal\/wp-json\/wp\/v2\/posts"}],"about":[{"href":"https:\/\/www.pcnen.com\/portal\/wp-json\/wp\/v2\/types\/post"}],"author":[{"embeddable":true,"href":"https:\/\/www.pcnen.com\/portal\/wp-json\/wp\/v2\/users\/1"}],"replies":[{"embeddable":true,"href":"https:\/\/www.pcnen.com\/portal\/wp-json\/wp\/v2\/comments?post=271733"}],"version-history":[{"count":0,"href":"https:\/\/www.pcnen.com\/portal\/wp-json\/wp\/v2\/posts\/271733\/revisions"}],"wp:attachment":[{"href":"https:\/\/www.pcnen.com\/portal\/wp-json\/wp\/v2\/media?parent=271733"}],"wp:term":[{"taxonomy":"category","embeddable":true,"href":"https:\/\/www.pcnen.com\/portal\/wp-json\/wp\/v2\/categories?post=271733"},{"taxonomy":"post_tag","embeddable":true,"href":"https:\/\/www.pcnen.com\/portal\/wp-json\/wp\/v2\/tags?post=271733"}],"curies":[{"name":"wp","href":"https:\/\/api.w.org\/{rel}","templated":true}]}}