{"id":271723,"date":"2019-08-17T12:54:50","date_gmt":"2019-08-17T10:54:50","guid":{"rendered":"http:\/\/www.pcnen.com\/portal\/?p=271723"},"modified":"2019-08-17T17:32:23","modified_gmt":"2019-08-17T15:32:23","slug":"prijava-zbog-isticanja-albanske-zastave","status":"publish","type":"post","link":"https:\/\/www.pcnen.com\/portal\/2019\/08\/17\/prijava-zbog-isticanja-albanske-zastave\/","title":{"rendered":"Prijava zbog isticanja albanske zastave"},"content":{"rendered":"<p><img loading=\"lazy\" decoding=\"async\" class=\"alignleft  wp-image-82992\" src=\"http:\/\/www.pcnen.com\/portal\/wp-content\/uploads\/2012\/05\/Trgaje-450x301.jpg\" alt=\"\" width=\"288\" height=\"192\" \/>Crnogorsko Ministarstvo kulture podnije\u0107e prijavu protiv organizatora skupa na Cijevni, tokom kojeg je isticana zastava Albanije, bez nacionalne zastave Crne Gore.<\/p>\n<p>Manifestaciju, odr\u017eanu u \u010detvrtak u mjestu Trgaja, na rijeci Cijevni, na kojoj su se mahom okupili \u017eitelji Malesije, ali i zna\u010dajan broj ljudi iz dijaspore, obilje\u017eilo je vijorenje albanske zastave, navodi RTCG dodaju\u0107i da je bio prisutan i lider pokreta Samoopredjeljenje sa Kosova Aljbin Kurti.<\/p>\n<p>Povodom ovog doga\u0111aja, crnogorsko Ministarstvo kuture poru\u010dilo je da \u0107e reagovati u skladu sa zakonom.<\/p>\n<p>\u201dKako je na tom skupu bio istaknut simbol susjedne dr\u017eave bez nacionalne zastave Crne Gore, u vezi sa pomenutim slu\u010dajem podnije\u0107emo pred nadle\u017enim organima prijavu protiv organizatora. Isti\u010demo jo\u0161 jednom da manifestacije kulture ne smiju da budu paravan za bilo kakav nacionalizam, niti za kr\u0161enje normi koje su jasno definisane pozitivno pravnim propisima Crne Gore\u201c, navodi ministarstvo.<\/p>\n","protected":false},"excerpt":{"rendered":"<p>Manifestaciju, odr\u017eanu u \u010detvrtak u mjestu Trgaja, na rijeci Cijevni, na kojoj su se mahom okupili \u017eitelji Malesije, ali i zna\u010dajan broj ljudi iz dijaspore, obilje\u017eilo je vijorenje albanske zastave<\/p>\n","protected":false},"author":1,"featured_media":0,"comment_status":"open","ping_status":"closed","sticky":false,"template":"","format":"standard","meta":{"_seopress_robots_primary_cat":"","_seopress_titles_title":"","_seopress_titles_desc":"","_seopress_robots_index":"","_et_pb_use_builder":"","_et_pb_old_content":"","_et_gb_content_width":"","inline_featured_image":false,"footnotes":""},"categories":[14,12],"tags":[],"class_list":["post-271723","post","type-post","status-publish","format-standard","hentry","category-vijesti","category-prica-dana"],"_links":{"self":[{"href":"https:\/\/www.pcnen.com\/portal\/wp-json\/wp\/v2\/posts\/271723","targetHints":{"allow":["GET"]}}],"collection":[{"href":"https:\/\/www.pcnen.com\/portal\/wp-json\/wp\/v2\/posts"}],"about":[{"href":"https:\/\/www.pcnen.com\/portal\/wp-json\/wp\/v2\/types\/post"}],"author":[{"embeddable":true,"href":"https:\/\/www.pcnen.com\/portal\/wp-json\/wp\/v2\/users\/1"}],"replies":[{"embeddable":true,"href":"https:\/\/www.pcnen.com\/portal\/wp-json\/wp\/v2\/comments?post=271723"}],"version-history":[{"count":0,"href":"https:\/\/www.pcnen.com\/portal\/wp-json\/wp\/v2\/posts\/271723\/revisions"}],"wp:attachment":[{"href":"https:\/\/www.pcnen.com\/portal\/wp-json\/wp\/v2\/media?parent=271723"}],"wp:term":[{"taxonomy":"category","embeddable":true,"href":"https:\/\/www.pcnen.com\/portal\/wp-json\/wp\/v2\/categories?post=271723"},{"taxonomy":"post_tag","embeddable":true,"href":"https:\/\/www.pcnen.com\/portal\/wp-json\/wp\/v2\/tags?post=271723"}],"curies":[{"name":"wp","href":"https:\/\/api.w.org\/{rel}","templated":true}]}}