{"id":271702,"date":"2019-08-16T19:15:04","date_gmt":"2019-08-16T17:15:04","guid":{"rendered":"http:\/\/www.pcnen.com\/portal\/?p=271702"},"modified":"2019-08-17T17:57:46","modified_gmt":"2019-08-17T15:57:46","slug":"malo-do-umjereno-oblacno-9","status":"publish","type":"post","link":"https:\/\/www.pcnen.com\/portal\/2019\/08\/16\/malo-do-umjereno-oblacno-9\/","title":{"rendered":"Malo do umjereno obla\u010dno"},"content":{"rendered":"<p>U subotu \u0107e biti malo do umjereno obla\u010dno sa du\u017eim sun\u010danim intervalima.<\/p>\n<p>Na sjeveru Crne Gore \u0107e ujutru biti mjestimi\u010dno magla ili niska obla\u010dnost.<\/p>\n<p><img loading=\"lazy\" decoding=\"async\" class=\"alignleft size-medium wp-image-217455\" src=\"http:\/\/www.pcnen.com\/portal\/wp-content\/uploads\/2016\/11\/vjetar-trske-300x200.jpg\" alt=\"\" width=\"300\" height=\"200\" \/>Vjetar \u0107e biti promjenljiv, slabe do umjerene ja\u010dine. Na jugoistoku zemnlje \u0107e u jutarnjim i no\u0107nim satima duvati sa sjevera i sjeveroistoka, povremeno umjereno do poja\u010dano.<\/p>\n<p>Jutarnja temperatura vazduha bi\u0107e u rasponu od 8 do 23, a najvi\u0161a dnevna od 21 do 34 stepena.<\/p>\n<p>Malo do umjereno obla\u010dno sa du\u017eim sun\u010danim intervalima bi\u0107e u Podgorici. Vjetar promjenljivog smjera bi\u0107e slab do umjeren. Jutarnja temperatura vazduha bi\u0107e oko 19, a najvi\u0161a dnevna oko 33 stepena.<\/p>\n<p><a href=\"http:\/\/www.meteo.co.me\/misc.php?text=121&amp;sektor=1&amp;grad=PET\">Prognoza za ostale gradove.<\/a><\/p>\n","protected":false},"excerpt":{"rendered":"<p>Na sjeveru Crne Gore \u0107e ujutru biti mjestimi\u010dno magla ili niska obla\u010dnost<\/p>\n","protected":false},"author":1,"featured_media":0,"comment_status":"open","ping_status":"closed","sticky":false,"template":"","format":"standard","meta":{"_seopress_robots_primary_cat":"","_seopress_titles_title":"","_seopress_titles_desc":"","_seopress_robots_index":"","_et_pb_use_builder":"","_et_pb_old_content":"","_et_gb_content_width":"","inline_featured_image":false,"footnotes":""},"categories":[14,12],"tags":[],"class_list":["post-271702","post","type-post","status-publish","format-standard","hentry","category-vijesti","category-prica-dana"],"_links":{"self":[{"href":"https:\/\/www.pcnen.com\/portal\/wp-json\/wp\/v2\/posts\/271702","targetHints":{"allow":["GET"]}}],"collection":[{"href":"https:\/\/www.pcnen.com\/portal\/wp-json\/wp\/v2\/posts"}],"about":[{"href":"https:\/\/www.pcnen.com\/portal\/wp-json\/wp\/v2\/types\/post"}],"author":[{"embeddable":true,"href":"https:\/\/www.pcnen.com\/portal\/wp-json\/wp\/v2\/users\/1"}],"replies":[{"embeddable":true,"href":"https:\/\/www.pcnen.com\/portal\/wp-json\/wp\/v2\/comments?post=271702"}],"version-history":[{"count":0,"href":"https:\/\/www.pcnen.com\/portal\/wp-json\/wp\/v2\/posts\/271702\/revisions"}],"wp:attachment":[{"href":"https:\/\/www.pcnen.com\/portal\/wp-json\/wp\/v2\/media?parent=271702"}],"wp:term":[{"taxonomy":"category","embeddable":true,"href":"https:\/\/www.pcnen.com\/portal\/wp-json\/wp\/v2\/categories?post=271702"},{"taxonomy":"post_tag","embeddable":true,"href":"https:\/\/www.pcnen.com\/portal\/wp-json\/wp\/v2\/tags?post=271702"}],"curies":[{"name":"wp","href":"https:\/\/api.w.org\/{rel}","templated":true}]}}