{"id":271692,"date":"2019-08-16T18:39:15","date_gmt":"2019-08-16T16:39:15","guid":{"rendered":"http:\/\/www.pcnen.com\/portal\/?p=271692"},"modified":"2019-08-16T18:40:42","modified_gmt":"2019-08-16T16:40:42","slug":"graditelji-autoputa-pale-otpad","status":"publish","type":"post","link":"https:\/\/www.pcnen.com\/portal\/2019\/08\/16\/graditelji-autoputa-pale-otpad\/","title":{"rendered":"Graditelji autoputa pale otpad"},"content":{"rendered":"<p><img loading=\"lazy\" decoding=\"async\" class=\"size-large wp-image-271694 aligncenter\" src=\"http:\/\/www.pcnen.com\/portal\/wp-content\/uploads\/2019\/08\/paljene-otpada-Uvac-450x428.jpg\" alt=\"\" width=\"450\" height=\"428\" \/><br \/>\nU kampu na Uva\u010du, kineska kompanija CRBC koja gradi prioritetnu dionicu auto-puta Bar-Boljare, zapalila je otpad, odakle se vije crni dim, zaga\u0111uju\u0107i vazduh kilometrima od mjesta paljevine, javljaju sarad, obavijestili su nas lokalni izvori.<\/p>\n<p>Mje\u0161tani okolnih sela koji prolaze blizu kampa do svojih ku\u0107a i vikendica su zgro\u017eeni ovakvim postupanjem CRBC.<\/p>\n<p>Gra\u0111anski aktivisti okupljeni oko Zelene koalicije tra\u017ei\u0107e da se ispita slu\u010daj i shodno tome kazne odgovorni za ovaj ekolo\u0161ki prekr\u0161aj.<\/p>\n<p>CRBC je ve\u0107 navukla na sebe bijes javnosti devastacijom korita Tare, a ovo je nastavak kr\u0161enjem zakona i Ustava Crne Gore kao ekolo\u0161ke dr\u017eave.<\/p>\n","protected":false},"excerpt":{"rendered":"<p>Mje\u0161tani okolnih sela koji prolaze blizu kampa do svojih ku\u0107a i vikendica su zgro\u017eeni ovakvim postupanjem CRBC<\/p>\n","protected":false},"author":1,"featured_media":0,"comment_status":"open","ping_status":"closed","sticky":false,"template":"","format":"standard","meta":{"_seopress_robots_primary_cat":"","_seopress_titles_title":"","_seopress_titles_desc":"","_seopress_robots_index":"","_et_pb_use_builder":"","_et_pb_old_content":"","_et_gb_content_width":"","inline_featured_image":false,"footnotes":""},"categories":[14,12],"tags":[],"class_list":["post-271692","post","type-post","status-publish","format-standard","hentry","category-vijesti","category-prica-dana"],"_links":{"self":[{"href":"https:\/\/www.pcnen.com\/portal\/wp-json\/wp\/v2\/posts\/271692","targetHints":{"allow":["GET"]}}],"collection":[{"href":"https:\/\/www.pcnen.com\/portal\/wp-json\/wp\/v2\/posts"}],"about":[{"href":"https:\/\/www.pcnen.com\/portal\/wp-json\/wp\/v2\/types\/post"}],"author":[{"embeddable":true,"href":"https:\/\/www.pcnen.com\/portal\/wp-json\/wp\/v2\/users\/1"}],"replies":[{"embeddable":true,"href":"https:\/\/www.pcnen.com\/portal\/wp-json\/wp\/v2\/comments?post=271692"}],"version-history":[{"count":0,"href":"https:\/\/www.pcnen.com\/portal\/wp-json\/wp\/v2\/posts\/271692\/revisions"}],"wp:attachment":[{"href":"https:\/\/www.pcnen.com\/portal\/wp-json\/wp\/v2\/media?parent=271692"}],"wp:term":[{"taxonomy":"category","embeddable":true,"href":"https:\/\/www.pcnen.com\/portal\/wp-json\/wp\/v2\/categories?post=271692"},{"taxonomy":"post_tag","embeddable":true,"href":"https:\/\/www.pcnen.com\/portal\/wp-json\/wp\/v2\/tags?post=271692"}],"curies":[{"name":"wp","href":"https:\/\/api.w.org\/{rel}","templated":true}]}}