{"id":271660,"date":"2019-08-16T10:04:32","date_gmt":"2019-08-16T08:04:32","guid":{"rendered":"http:\/\/www.pcnen.com\/portal\/?p=271660"},"modified":"2019-08-16T12:43:31","modified_gmt":"2019-08-16T10:43:31","slug":"rast-plata-u-cg-najsporiji-u-regionu","status":"publish","type":"post","link":"https:\/\/www.pcnen.com\/portal\/2019\/08\/16\/rast-plata-u-cg-najsporiji-u-regionu\/","title":{"rendered":"Rast plata u CG najsporiji u regionu"},"content":{"rendered":"<p><img loading=\"lazy\" decoding=\"async\" class=\"alignleft size-full wp-image-161480\" src=\"http:\/\/www.pcnen.com\/portal\/wp-content\/uploads\/2014\/10\/novac-e1536306105680.jpg\" alt=\"\" width=\"300\" height=\"225\" \/>Rast zarada u Crnoj Gori u protekle \u010detiri godine bio je najmanji u regionu, pi\u0161u Vijesti.<\/p>\n<p>Prosje\u010dna plata u Crnoj Gori je od 2015. godine do sada pove\u0107ana\u00a0 36 eura ili\u00a0 7,5 odsto, dok je zbirna inflacija iznosila 6,85 odsto, navodi se u tekstu i dodaje da su, prema zvani\u010dnim podacima statisti\u010dkih zavoda susjednih dr\u017eava, plate zna\u010dajnije rasle.<\/p>\n<p>Tako je u Hrvatskoj za \u010detiri godine prosje\u010dna neto zarada porasla sa 753 na 877 eura, a u Sloveniji sa 1.013 na 1.113 eura.<\/p>\n<p>U Srbiji je zarada uve\u0107ana sa 376 na 469 eura, a u Makedoniji sa 360 na 408 eura. U Bosni i Hercegovini (BiH), entitetu Republika Srpska prosje\u010dna zarada pove\u0107ana je sa 424 na 464 eura, a u Federaciji BiH sa 423 na 479.<\/p>\n<p>List konstatuje da se statistika na teritoriji Kosova redovno vodi samo za zarade u javnom sektoru, pa je tako neto zarada u 2015. iznosila 451 euro, a sada je 520 eura.<\/p>\n","protected":false},"excerpt":{"rendered":"<p>Prosje\u010dna plata u Crnoj Gori je od 2015. godine do sada pove\u0107ana  36 eura ili  7,5 odsto, dok je zbirna inflacija iznosila 6,85 odsto<\/p>\n","protected":false},"author":1,"featured_media":0,"comment_status":"open","ping_status":"closed","sticky":false,"template":"","format":"standard","meta":{"_seopress_robots_primary_cat":"","_seopress_titles_title":"","_seopress_titles_desc":"","_seopress_robots_index":"","_et_pb_use_builder":"","_et_pb_old_content":"","_et_gb_content_width":"","inline_featured_image":false,"footnotes":""},"categories":[14,12],"tags":[],"class_list":["post-271660","post","type-post","status-publish","format-standard","hentry","category-vijesti","category-prica-dana"],"_links":{"self":[{"href":"https:\/\/www.pcnen.com\/portal\/wp-json\/wp\/v2\/posts\/271660","targetHints":{"allow":["GET"]}}],"collection":[{"href":"https:\/\/www.pcnen.com\/portal\/wp-json\/wp\/v2\/posts"}],"about":[{"href":"https:\/\/www.pcnen.com\/portal\/wp-json\/wp\/v2\/types\/post"}],"author":[{"embeddable":true,"href":"https:\/\/www.pcnen.com\/portal\/wp-json\/wp\/v2\/users\/1"}],"replies":[{"embeddable":true,"href":"https:\/\/www.pcnen.com\/portal\/wp-json\/wp\/v2\/comments?post=271660"}],"version-history":[{"count":0,"href":"https:\/\/www.pcnen.com\/portal\/wp-json\/wp\/v2\/posts\/271660\/revisions"}],"wp:attachment":[{"href":"https:\/\/www.pcnen.com\/portal\/wp-json\/wp\/v2\/media?parent=271660"}],"wp:term":[{"taxonomy":"category","embeddable":true,"href":"https:\/\/www.pcnen.com\/portal\/wp-json\/wp\/v2\/categories?post=271660"},{"taxonomy":"post_tag","embeddable":true,"href":"https:\/\/www.pcnen.com\/portal\/wp-json\/wp\/v2\/tags?post=271660"}],"curies":[{"name":"wp","href":"https:\/\/api.w.org\/{rel}","templated":true}]}}