{"id":271634,"date":"2019-08-15T20:54:40","date_gmt":"2019-08-15T18:54:40","guid":{"rendered":"http:\/\/www.pcnen.com\/portal\/?p=271634"},"modified":"2019-08-15T20:55:09","modified_gmt":"2019-08-15T18:55:09","slug":"duzi-suncani-intervali-20","status":"publish","type":"post","link":"https:\/\/www.pcnen.com\/portal\/2019\/08\/15\/duzi-suncani-intervali-20\/","title":{"rendered":"Du\u017ei sun\u010dani intervali"},"content":{"rendered":"<p><img loading=\"lazy\" decoding=\"async\" class=\"size-full wp-image-197466 aligncenter\" src=\"http:\/\/www.pcnen.com\/portal\/wp-content\/uploads\/2016\/01\/Most-Djurdjevica-Tara.jpg\" alt=\"\" width=\"400\" height=\"242\" \/><br \/>\nKratkotrajno ki\u0161a i grmljavina bi\u0107e mogu\u0107a ponegdje u popodnevnim satima, a ina\u010de \u0107e u Crnoj Gori biti malo do umjereno obla\u010dno sa du\u017eim sun\u010danim intervalima.<\/p>\n<p>Po kotlinama na sjeveru zemlje bi\u0107e mogu\u0107a jutarnja magla.<\/p>\n<p>Promjenljiv vjetar bi\u0107e slab do umjeren. U jutarnjim i no\u0107nim satima duva\u0107e ponegdje umjereno do poja\u010dano sa sjevera i sjeveroistoka.<\/p>\n<p>Jutarnja temperatura vazduha bi\u0107e u rasponu od 7 do 22, a najvi\u0161a dnevna od 19 do 33 stepena.<\/p>\n<p>Prete\u017eno sun\u010dano ili malo do umjereno obla\u010dno bi\u0107e u Podgorici. Malo je mogu\u0107e da bude kratkotrajne popodnevne nestabilnosti.<\/p>\n<p>Promjenljiv vjetar bi\u0107e slab do umjeren, a u no\u0107nim satima duva\u0107e kratkotrajno umjeren sjeveroisto\u010dnjak.<\/p>\n<p>Jutarnja temperatura vazduha u Podgorici bi\u0107e oko 20, a najvi\u0161a dnevna oko 32 stepena.<\/p>\n<p><a href=\"http:\/\/www.meteo.co.me\/misc.php?text=121&amp;sektor=1&amp;grad=NIK\">Prognoza za ostale gradove.<\/a><\/p>\n","protected":false},"excerpt":{"rendered":"<p>Kratkotrajno ki\u0161a i grmljavina bi\u0107e mogu\u0107a ponegdje u popodnevnim satima<\/p>\n","protected":false},"author":1,"featured_media":0,"comment_status":"open","ping_status":"closed","sticky":false,"template":"","format":"standard","meta":{"_seopress_robots_primary_cat":"","_seopress_titles_title":"","_seopress_titles_desc":"","_seopress_robots_index":"","_et_pb_use_builder":"","_et_pb_old_content":"","_et_gb_content_width":"","inline_featured_image":false,"footnotes":""},"categories":[14,12],"tags":[],"class_list":["post-271634","post","type-post","status-publish","format-standard","hentry","category-vijesti","category-prica-dana"],"_links":{"self":[{"href":"https:\/\/www.pcnen.com\/portal\/wp-json\/wp\/v2\/posts\/271634","targetHints":{"allow":["GET"]}}],"collection":[{"href":"https:\/\/www.pcnen.com\/portal\/wp-json\/wp\/v2\/posts"}],"about":[{"href":"https:\/\/www.pcnen.com\/portal\/wp-json\/wp\/v2\/types\/post"}],"author":[{"embeddable":true,"href":"https:\/\/www.pcnen.com\/portal\/wp-json\/wp\/v2\/users\/1"}],"replies":[{"embeddable":true,"href":"https:\/\/www.pcnen.com\/portal\/wp-json\/wp\/v2\/comments?post=271634"}],"version-history":[{"count":0,"href":"https:\/\/www.pcnen.com\/portal\/wp-json\/wp\/v2\/posts\/271634\/revisions"}],"wp:attachment":[{"href":"https:\/\/www.pcnen.com\/portal\/wp-json\/wp\/v2\/media?parent=271634"}],"wp:term":[{"taxonomy":"category","embeddable":true,"href":"https:\/\/www.pcnen.com\/portal\/wp-json\/wp\/v2\/categories?post=271634"},{"taxonomy":"post_tag","embeddable":true,"href":"https:\/\/www.pcnen.com\/portal\/wp-json\/wp\/v2\/tags?post=271634"}],"curies":[{"name":"wp","href":"https:\/\/api.w.org\/{rel}","templated":true}]}}