{"id":271614,"date":"2019-08-15T14:01:13","date_gmt":"2019-08-15T12:01:13","guid":{"rendered":"http:\/\/www.pcnen.com\/portal\/?p=271614"},"modified":"2019-08-15T14:55:13","modified_gmt":"2019-08-15T12:55:13","slug":"vijesti-mandic-inicirao-homofobna-saopstenja","status":"publish","type":"post","link":"https:\/\/www.pcnen.com\/portal\/2019\/08\/15\/vijesti-mandic-inicirao-homofobna-saopstenja\/","title":{"rendered":"Vijesti: Mandi\u0107 inicirao homofobna saop\u0161tenja"},"content":{"rendered":"<p><img loading=\"lazy\" decoding=\"async\" class=\"alignleft size-large wp-image-242479\" src=\"http:\/\/www.pcnen.com\/portal\/wp-content\/uploads\/2018\/03\/andrija-mandic-450x313.jpg\" alt=\"\" width=\"450\" height=\"313\" \/><\/p>\n<p>Andrija Mandi\u0107, predsjednik Nove srpske demokratije i jedan od lidera Demokratskog fronta, inicijator je saop\u0161tenja homofobi\u010dne sadr\u017eine koje je Demokratski front objavio tokom medijske polemike sa Demokratama i Crnogorskom, proizlazi iz poruka u koje su Vijesti imale uvid.<\/p>\n<p>Iz Nove srpske demokratije nijesu ni osporili ni potvrdili autenti\u010dnost poruka, <a href=\"https:\/\/www.vijesti.me\/vijesti\/politika\/mandic-inicirao-homofobne-poruke-na-racun-demokrata-i-crnogorske\">prenosi portal Vijesti.<\/a><\/p>\n","protected":false},"excerpt":{"rendered":"<p>Andrija Mandi\u0107, predsjednik Nove srpske demokratije i jedan od lidera Demokratskog fronta, inicijator je saop\u0161tenja homofobi\u010dne sadr\u017eine koje je Demokratski front objavio tokom medijske polemike sa Demokratama i Crnogorskom, proizlazi iz poruka u koje su Vijesti imale uvid. Iz Nove srpske demokratije nijesu ni osporili ni potvrdili autenti\u010dnost poruka, prenosi portal Vijesti.<\/p>\n","protected":false},"author":1,"featured_media":0,"comment_status":"open","ping_status":"closed","sticky":false,"template":"","format":"standard","meta":{"_seopress_robots_primary_cat":"","_seopress_titles_title":"","_seopress_titles_desc":"","_seopress_robots_index":"","_et_pb_use_builder":"","_et_pb_old_content":"","_et_gb_content_width":"","inline_featured_image":false,"footnotes":""},"categories":[14,12],"tags":[],"class_list":["post-271614","post","type-post","status-publish","format-standard","hentry","category-vijesti","category-prica-dana"],"_links":{"self":[{"href":"https:\/\/www.pcnen.com\/portal\/wp-json\/wp\/v2\/posts\/271614","targetHints":{"allow":["GET"]}}],"collection":[{"href":"https:\/\/www.pcnen.com\/portal\/wp-json\/wp\/v2\/posts"}],"about":[{"href":"https:\/\/www.pcnen.com\/portal\/wp-json\/wp\/v2\/types\/post"}],"author":[{"embeddable":true,"href":"https:\/\/www.pcnen.com\/portal\/wp-json\/wp\/v2\/users\/1"}],"replies":[{"embeddable":true,"href":"https:\/\/www.pcnen.com\/portal\/wp-json\/wp\/v2\/comments?post=271614"}],"version-history":[{"count":0,"href":"https:\/\/www.pcnen.com\/portal\/wp-json\/wp\/v2\/posts\/271614\/revisions"}],"wp:attachment":[{"href":"https:\/\/www.pcnen.com\/portal\/wp-json\/wp\/v2\/media?parent=271614"}],"wp:term":[{"taxonomy":"category","embeddable":true,"href":"https:\/\/www.pcnen.com\/portal\/wp-json\/wp\/v2\/categories?post=271614"},{"taxonomy":"post_tag","embeddable":true,"href":"https:\/\/www.pcnen.com\/portal\/wp-json\/wp\/v2\/tags?post=271614"}],"curies":[{"name":"wp","href":"https:\/\/api.w.org\/{rel}","templated":true}]}}