{"id":271565,"date":"2019-08-14T19:17:17","date_gmt":"2019-08-14T17:17:17","guid":{"rendered":"http:\/\/www.pcnen.com\/portal\/?p=271565"},"modified":"2019-08-14T19:34:44","modified_gmt":"2019-08-14T17:34:44","slug":"mk-najavilo-krivicnu-prijavu-protiv-organzatora-koncerta-georgijeva","status":"publish","type":"post","link":"https:\/\/www.pcnen.com\/portal\/2019\/08\/14\/mk-najavilo-krivicnu-prijavu-protiv-organzatora-koncerta-georgijeva\/","title":{"rendered":"MK najavilo prijavu protiv organzatora koncerta Georgijeva"},"content":{"rendered":"<p><img loading=\"lazy\" decoding=\"async\" class=\"alignleft size-medium wp-image-271566\" src=\"http:\/\/www.pcnen.com\/portal\/wp-content\/uploads\/2019\/08\/vado-georgiev-300x200.jpg\" alt=\"\" width=\"300\" height=\"200\" srcset=\"https:\/\/www.pcnen.com\/portal\/wp-content\/uploads\/2019\/08\/vado-georgiev-300x200.jpg 300w, https:\/\/www.pcnen.com\/portal\/wp-content\/uploads\/2019\/08\/vado-georgiev-580x387.jpg 580w, https:\/\/www.pcnen.com\/portal\/wp-content\/uploads\/2019\/08\/vado-georgiev-450x300.jpg 450w, https:\/\/www.pcnen.com\/portal\/wp-content\/uploads\/2019\/08\/vado-georgiev-480x320.jpg 480w, https:\/\/www.pcnen.com\/portal\/wp-content\/uploads\/2019\/08\/vado-georgiev-235x157.jpg 235w, https:\/\/www.pcnen.com\/portal\/wp-content\/uploads\/2019\/08\/vado-georgiev-75x50.jpg 75w, https:\/\/www.pcnen.com\/portal\/wp-content\/uploads\/2019\/08\/vado-georgiev-350x233.jpg 350w, https:\/\/www.pcnen.com\/portal\/wp-content\/uploads\/2019\/08\/vado-georgiev-220x147.jpg 220w, https:\/\/www.pcnen.com\/portal\/wp-content\/uploads\/2019\/08\/vado-georgiev.jpg 600w\" sizes=\"(max-width: 300px) 100vw, 300px\" \/>Ministarstvo kulture Crne Gore je danas najavilo krivi\u010dnu prjavu protiv organizatora koncerta Vlada Georgieva i najavilo da \u0107e \u201csvako kome koncept \u2018manifestacija kulture\u2019 bude paravan za nacionalisti\u010dke poruke i kr\u0161enje zakona\u201d, odgovarati \u201cna na\u010din kako je to regulisano propisima ove dr\u017eave\u201d.<\/p>\n<p>Ovo je poruka iz reagovanja povodom koncerta \u00a0odr\u017eanog u okviru programa \u201cTrg od \u0107irilice\u201d prije dvije ve\u010deri u Herceg Novom, na kome je Georgiev pjevao i pjsemu &#8220;Tamo daleko&#8221;.<\/p>\n<p><iframe loading=\"lazy\" title=\"Vlado Georgiev (Tamo Daleko) Herceg Novi\" width=\"1080\" height=\"608\" src=\"https:\/\/www.youtube.com\/embed\/82bSshTAUCY?feature=oembed\" frameborder=\"0\" allow=\"accelerometer; autoplay; clipboard-write; encrypted-media; gyroscope; picture-in-picture; web-share\" allowfullscreen><\/iframe><\/p>\n<p>\u201cCrnogorska javnost je tokom ju\u010dera\u0161njeg dana svjedo\u010dila raznorodnom multimedijalnom materijalu sa koncerta koji je odr\u017ean u Herceg Novom. Samim tim, cjelokupan auditorijum bio je u prilici da vidi na koji se na\u010din kr\u0161i \u010ditav skup zakonskih odredbi, i to na manifestaciji javnog karaktera.<\/p>\n<p>Isticanje simbola drugih dr\u017eava, skrnavljenje zvani\u010dne himne Crne Gore uz, u takvim prilikama, gotovo nezaobilazne politi\u010dke i nacionalisti\u010dke poruke, samo su neki od elemenata zbog kojih \u0107e Ministarstvo kulture protiv organizatora koncerta podnijeti prijavu pred nadle\u017enim organima.<\/p>\n<p>Sigurni smo da postoji mnogo boljih na\u010dina za promociju doma\u0107eg, regionalnog i \u0161ireg muzi\u010dkog stvarala\u0161tva tokom sezone &#8211; dovoljno je vidjeti, zapravo, ostale festivale na crnogorskom primorju. U tom duhu, ujedno, pozdravljamo i odluku Op\u0161tine Budva da, nakon o\u0161trih reakcija crnogorske javnosti, odstupi od ideje organizacije koncerta truba\u010da iz Gu\u010de u tom gradu.<\/p>\n<p>No, na \u2018programe\u2019 nalik preksino\u0107njem, Ministarstvo kulture i Dr\u017eava Crna Gora ne\u0107e \u0107utati &#8211; naprotiv. Od sada, svako kome koncept \u2018manifestacija kulture\u2019 bude paravan za nacionalisti\u010dke poruke i kr\u0161enje zakona, odgovara\u0107e na na\u010din kako je to regulisano propisima ove dr\u017eave.<\/p>\n<p>Smotre kulture ne smiju biti izgovor za organizaciju nacionalisti\u010dkih skupova, a posebno kada se &#8211; kao u slu\u010daju Herceg Novog &#8211; njima negira crnogorski identitet.<\/p>\n<p>\u017dalimo \u0161to je Herceg Novi bio doma\u0107in ovog programa, tim prije jer smo nedavno na istom mjestu mogli da ispratimo festival sasvim druga\u010dijeg tipa &#8211; koji u mnogo ljep\u0161em svjetlu promovi\u0161e i taj grad i Crnu Goru\u201d, poru\u010dilo je Ministarstvo kulture.<\/p>\n","protected":false},"excerpt":{"rendered":"<p>Ministarstvo kulture najavilo da \u0107e \u201csvako kome koncept \u2018manifestacija kulture\u2019 bude paravan za nacionalisti\u010dke poruke i kr\u0161enje zakona\u201d, odgovarati \u201cna na\u010din kako je to regulisano propisima ove dr\u017eave\u201d<\/p>\n","protected":false},"author":1,"featured_media":271566,"comment_status":"open","ping_status":"closed","sticky":false,"template":"","format":"standard","meta":{"_seopress_robots_primary_cat":"","_seopress_titles_title":"","_seopress_titles_desc":"","_seopress_robots_index":"","_et_pb_use_builder":"","_et_pb_old_content":"","_et_gb_content_width":"","inline_featured_image":false,"footnotes":""},"categories":[14,12],"tags":[],"class_list":["post-271565","post","type-post","status-publish","format-standard","has-post-thumbnail","hentry","category-vijesti","category-prica-dana"],"_links":{"self":[{"href":"https:\/\/www.pcnen.com\/portal\/wp-json\/wp\/v2\/posts\/271565","targetHints":{"allow":["GET"]}}],"collection":[{"href":"https:\/\/www.pcnen.com\/portal\/wp-json\/wp\/v2\/posts"}],"about":[{"href":"https:\/\/www.pcnen.com\/portal\/wp-json\/wp\/v2\/types\/post"}],"author":[{"embeddable":true,"href":"https:\/\/www.pcnen.com\/portal\/wp-json\/wp\/v2\/users\/1"}],"replies":[{"embeddable":true,"href":"https:\/\/www.pcnen.com\/portal\/wp-json\/wp\/v2\/comments?post=271565"}],"version-history":[{"count":0,"href":"https:\/\/www.pcnen.com\/portal\/wp-json\/wp\/v2\/posts\/271565\/revisions"}],"wp:featuredmedia":[{"embeddable":true,"href":"https:\/\/www.pcnen.com\/portal\/wp-json\/wp\/v2\/media\/271566"}],"wp:attachment":[{"href":"https:\/\/www.pcnen.com\/portal\/wp-json\/wp\/v2\/media?parent=271565"}],"wp:term":[{"taxonomy":"category","embeddable":true,"href":"https:\/\/www.pcnen.com\/portal\/wp-json\/wp\/v2\/categories?post=271565"},{"taxonomy":"post_tag","embeddable":true,"href":"https:\/\/www.pcnen.com\/portal\/wp-json\/wp\/v2\/tags?post=271565"}],"curies":[{"name":"wp","href":"https:\/\/api.w.org\/{rel}","templated":true}]}}