{"id":271535,"date":"2019-08-14T10:48:32","date_gmt":"2019-08-14T08:48:32","guid":{"rendered":"http:\/\/www.pcnen.com\/portal\/?p=271535"},"modified":"2019-08-14T13:23:39","modified_gmt":"2019-08-14T11:23:39","slug":"iz-cg-se-u-eu-lani-odselilo-tri-hiljade-gradana","status":"publish","type":"post","link":"https:\/\/www.pcnen.com\/portal\/2019\/08\/14\/iz-cg-se-u-eu-lani-odselilo-tri-hiljade-gradana\/","title":{"rendered":"Iz CG se u EU lani odselilo 3.000 ljudi"},"content":{"rendered":"<p><img loading=\"lazy\" decoding=\"async\" class=\"alignleft size-medium wp-image-271426\" src=\"http:\/\/www.pcnen.com\/portal\/wp-content\/uploads\/2019\/08\/odlazak-mladi-300x194.jpg\" alt=\"\" width=\"300\" height=\"194\" srcset=\"https:\/\/www.pcnen.com\/portal\/wp-content\/uploads\/2019\/08\/odlazak-mladi-300x194.jpg 300w, https:\/\/www.pcnen.com\/portal\/wp-content\/uploads\/2019\/08\/odlazak-mladi-580x375.jpg 580w, https:\/\/www.pcnen.com\/portal\/wp-content\/uploads\/2019\/08\/odlazak-mladi-285x184.jpg 285w, https:\/\/www.pcnen.com\/portal\/wp-content\/uploads\/2019\/08\/odlazak-mladi-450x290.jpg 450w, https:\/\/www.pcnen.com\/portal\/wp-content\/uploads\/2019\/08\/odlazak-mladi-480x310.jpg 480w, https:\/\/www.pcnen.com\/portal\/wp-content\/uploads\/2019\/08\/odlazak-mladi-235x152.jpg 235w, https:\/\/www.pcnen.com\/portal\/wp-content\/uploads\/2019\/08\/odlazak-mladi-75x48.jpg 75w, https:\/\/www.pcnen.com\/portal\/wp-content\/uploads\/2019\/08\/odlazak-mladi-350x226.jpg 350w, https:\/\/www.pcnen.com\/portal\/wp-content\/uploads\/2019\/08\/odlazak-mladi-220x142.jpg 220w, https:\/\/www.pcnen.com\/portal\/wp-content\/uploads\/2019\/08\/odlazak-mladi.jpg 620w\" sizes=\"(max-width: 300px) 100vw, 300px\" \/>Vi\u0161e od tri hiljade gra\u0111ana Crne Gore dobilo je pro\u0161le godine boravi\u0161nu dozvolu u zemljama Evropske unije (EU), pokazuju podaci Zavoda za statistiku Eurostata.<\/p>\n<p>Kako prenose Vijesti, ovi podaci odnose se na gra\u0111ane koji su prvi put dobili boravi\u0161te na teritoriji EU i koji su se legalno odselili iz Crne Gore.<\/p>\n<p>U ovaj broj ne ulaze oni koji su ranije dobili pa produ\u017eili boravak u EU, kao ni oni koji su u me\u0111uvremenu boravi\u0161te zamijenili dr\u017eavljanstvom.<\/p>\n<p>Koliko je gra\u0111ana Crne Gore koji odlaze na rad u crno u EU, kao i onih koji se odseljavaju u druge zemlje SAD, Kanadu, Australiju&#8230; nije poznato, niti o tome neke crnogorske institucije vode podatke, prenosi Mina.<\/p>\n<p>Prema ranijim nezvani\u010dnim procjenama, Crnu Goru je od 1991. do 2015. godine napstiolo 140 hiljada stanovnika, dok se smatra da poslednjih godina broj odseljavanja iznosi izme\u0111u pet i \u0161est hiljada godi\u0161nje.<\/p>\n","protected":false},"excerpt":{"rendered":"<p>U ovaj broj ne ulaze oni koji su ranije dobili pa produ\u017eili boravak u EU, kao ni oni koji su u me\u0111uvremenu boravi\u0161te zamijenili dr\u017eavljanstvom<\/p>\n","protected":false},"author":1,"featured_media":271426,"comment_status":"open","ping_status":"closed","sticky":false,"template":"","format":"standard","meta":{"_seopress_robots_primary_cat":"","_seopress_titles_title":"","_seopress_titles_desc":"","_seopress_robots_index":"","_et_pb_use_builder":"","_et_pb_old_content":"","_et_gb_content_width":"","inline_featured_image":false,"footnotes":""},"categories":[14,12],"tags":[],"class_list":["post-271535","post","type-post","status-publish","format-standard","has-post-thumbnail","hentry","category-vijesti","category-prica-dana"],"_links":{"self":[{"href":"https:\/\/www.pcnen.com\/portal\/wp-json\/wp\/v2\/posts\/271535","targetHints":{"allow":["GET"]}}],"collection":[{"href":"https:\/\/www.pcnen.com\/portal\/wp-json\/wp\/v2\/posts"}],"about":[{"href":"https:\/\/www.pcnen.com\/portal\/wp-json\/wp\/v2\/types\/post"}],"author":[{"embeddable":true,"href":"https:\/\/www.pcnen.com\/portal\/wp-json\/wp\/v2\/users\/1"}],"replies":[{"embeddable":true,"href":"https:\/\/www.pcnen.com\/portal\/wp-json\/wp\/v2\/comments?post=271535"}],"version-history":[{"count":0,"href":"https:\/\/www.pcnen.com\/portal\/wp-json\/wp\/v2\/posts\/271535\/revisions"}],"wp:featuredmedia":[{"embeddable":true,"href":"https:\/\/www.pcnen.com\/portal\/wp-json\/wp\/v2\/media\/271426"}],"wp:attachment":[{"href":"https:\/\/www.pcnen.com\/portal\/wp-json\/wp\/v2\/media?parent=271535"}],"wp:term":[{"taxonomy":"category","embeddable":true,"href":"https:\/\/www.pcnen.com\/portal\/wp-json\/wp\/v2\/categories?post=271535"},{"taxonomy":"post_tag","embeddable":true,"href":"https:\/\/www.pcnen.com\/portal\/wp-json\/wp\/v2\/tags?post=271535"}],"curies":[{"name":"wp","href":"https:\/\/api.w.org\/{rel}","templated":true}]}}