{"id":271519,"date":"2019-08-14T09:30:28","date_gmt":"2019-08-14T07:30:28","guid":{"rendered":"http:\/\/www.pcnen.com\/portal\/?p=271519"},"modified":"2019-08-14T09:44:20","modified_gmt":"2019-08-14T07:44:20","slug":"hrvatski-neoustasa-tomson-kaznjen-zbog-izvikivanja-za-dom-spremni","status":"publish","type":"post","link":"https:\/\/www.pcnen.com\/portal\/2019\/08\/14\/hrvatski-neoustasa-tomson-kaznjen-zbog-izvikivanja-za-dom-spremni\/","title":{"rendered":"Hrvatski pjeva\u010d ka\u017enjen zbog izvikivanja \u2018Za dom spremni\u2019"},"content":{"rendered":"<div id=\"attachment_271520\" style=\"width: 310px\" class=\"wp-caption alignleft\"><img loading=\"lazy\" decoding=\"async\" aria-describedby=\"caption-attachment-271520\" class=\"size-medium wp-image-271520\" src=\"http:\/\/www.pcnen.com\/portal\/wp-content\/uploads\/2019\/08\/Marko-Perkovic-Tompson-300x221.jpg\" alt=\"\" width=\"300\" height=\"221\" \/><p id=\"caption-attachment-271520\" class=\"wp-caption-text\">Neousta\u0161a Tompson i dalje neka\u017enjiv<\/p><\/div>\n<p>Zagreba\u010dki <a href=\"https:\/\/www.jutarnji.hr\/vijesti\/hrvatska\/jutarnji-u-posjedu-presedanske-odluke-koje-bi-se-trebali-pridrzavati-svi-hrvatski-prekrsajni-sudovi-za-dom-spremni-kaznjiv-i-u-pjesmi-cavoglave\/9235493\/\">Jutarnji list je objavio<\/a> da je kona\u010dno donesena presuda kojom je izvo\u0111a\u010d pjesme \u201cBojna \u010cavoglave\u201c\u00a0 pravosna\u017eno prekr\u0161ajno ka\u017enjen zbog javnog izvikivanja pozdrava \u201cZa dom spremni\u201c na njenom po\u010detku.<\/p>\n<p>U pravosna\u017enoj presudi koju je donio Visoki prekr\u0161ajni sud, stoji da je pozdrav \u201dZa dom\u201c i \u201cZa dom spremni\u201c kori\u0161c\u0301en i kao zvani\u010dni pozdrav usta\u0161kog pokreta NDH koji je nastao od fa\u0161izma i koji je zasnovan na rasizmu i time simbolizuje mr\u017enju prema ljudima razli\u010dite rase, vjerskog i etni\u010dkog identiteta.<\/p>\n<p>Me\u0111utim, navodi Jutarnji, ovom presudom, nije ka\u017enjen Marko Perkovi\u0107 Thompson, autor pjesme &#8216;\u010cavoglave&#8217;, nego Marko Roso, lokalni pjeva\u010d i zabavlja\u010d iz Makarske. Pjesmu &#8216;\u010cavoglave&#8217; on je izveo nastupaju\u0107i na jednom od makarskih trgova prilikom 20. godi\u0161njice &#8216;Oluje&#8217;. Ka\u017enjen je nov\u010danom kaznom od 765 kuna, a du\u017ean je podmiriti i sudske tro\u0161kove u iznosu od<br \/>\n200 kuna.<\/p>\n<p>\u201cBez obzira na \u017ealbene navode da je otpjevao pjesmu na na\u010din kako je ista objavljena u izvornom tekstu pjesme \u2018Bojna \u010cavoglave\u2019 i koja je objavljena u Slu\u017ebi za\u0161tite autorskih muzi\u010dkih prava Hrvatskog dru\u0161tva skladatelja, okrivljenik je mogao i trebao biti svjestan mogu\u0107eg negativnog utjecaja izvikivanja ovog izraza i trebao se suzdr\u017eati od takvog pona\u0161anja\u201d, stoji u obrazlo\u017eenju presude Visokog prekr\u0161ajnog suda koju potpisuje predsjednik tro\u010dlanog sudskog vije\u0107a Sini\u0161a Senjanovi\u0107.<\/p>\n<p>\u201c\u010cinjenica da je navedeni pozdrav dio autorskog umjetni\u010dkog djela\u201d, stoji dalje u presudi, \u201cne mijenja \u010dinjenicu da simbolizira mr\u017enju prema ljudima druga\u010dije vjerske i etni\u010dke pripadnosti, manifestaciju rasisti\u010dke ideologije kao i podcjenjivanje \u017ertava zlo\u010dina protiv \u010dovje\u010dnosti, te da je protivan odredbi \u010dlanka 39 Ustava RH koji zabranjuje svako pozivanje ili poticanje na nacionalnu, rasnu ili vjersku mr\u017enju, ili bilo koji oblik nesno\u0161ljivosti.<\/p>\n","protected":false},"excerpt":{"rendered":"<p>Ovom presudom nije ka\u017enjen Marko Perkovi\u0107 Thompson, autor pjesme &#8216;\u010cavoglave&#8217;, nego Marko Roso, lokalni pjeva\u010d i zabavlja\u010d iz Makarske<\/p>\n","protected":false},"author":1,"featured_media":0,"comment_status":"open","ping_status":"closed","sticky":false,"template":"","format":"standard","meta":{"_seopress_robots_primary_cat":"","_seopress_titles_title":"","_seopress_titles_desc":"","_seopress_robots_index":"","_et_pb_use_builder":"","_et_pb_old_content":"","_et_gb_content_width":"","inline_featured_image":false,"footnotes":""},"categories":[14,12],"tags":[],"class_list":["post-271519","post","type-post","status-publish","format-standard","hentry","category-vijesti","category-prica-dana"],"_links":{"self":[{"href":"https:\/\/www.pcnen.com\/portal\/wp-json\/wp\/v2\/posts\/271519","targetHints":{"allow":["GET"]}}],"collection":[{"href":"https:\/\/www.pcnen.com\/portal\/wp-json\/wp\/v2\/posts"}],"about":[{"href":"https:\/\/www.pcnen.com\/portal\/wp-json\/wp\/v2\/types\/post"}],"author":[{"embeddable":true,"href":"https:\/\/www.pcnen.com\/portal\/wp-json\/wp\/v2\/users\/1"}],"replies":[{"embeddable":true,"href":"https:\/\/www.pcnen.com\/portal\/wp-json\/wp\/v2\/comments?post=271519"}],"version-history":[{"count":0,"href":"https:\/\/www.pcnen.com\/portal\/wp-json\/wp\/v2\/posts\/271519\/revisions"}],"wp:attachment":[{"href":"https:\/\/www.pcnen.com\/portal\/wp-json\/wp\/v2\/media?parent=271519"}],"wp:term":[{"taxonomy":"category","embeddable":true,"href":"https:\/\/www.pcnen.com\/portal\/wp-json\/wp\/v2\/categories?post=271519"},{"taxonomy":"post_tag","embeddable":true,"href":"https:\/\/www.pcnen.com\/portal\/wp-json\/wp\/v2\/tags?post=271519"}],"curies":[{"name":"wp","href":"https:\/\/api.w.org\/{rel}","templated":true}]}}