{"id":271506,"date":"2019-08-13T21:33:03","date_gmt":"2019-08-13T19:33:03","guid":{"rendered":"http:\/\/www.pcnen.com\/portal\/?p=271506"},"modified":"2019-08-13T21:33:03","modified_gmt":"2019-08-13T19:33:03","slug":"manje-vreline-u-srijedu","status":"publish","type":"post","link":"https:\/\/www.pcnen.com\/portal\/2019\/08\/13\/manje-vreline-u-srijedu\/","title":{"rendered":"Manje vreline u srijedu"},"content":{"rendered":"<p><img loading=\"lazy\" decoding=\"async\" class=\"alignleft size-medium wp-image-147337\" src=\"http:\/\/www.pcnen.com\/portal\/wp-content\/uploads\/2014\/05\/izvor-300x200.jpg\" alt=\"\" width=\"300\" height=\"200\" \/>Prijepodne u srijedu ima\u0107e dosta sun\u010danih intervala, a uglavnom od sredine dana u Crnoj Gori bi\u0107e promjenljivo i nestabilno, mjestimi\u010dno uz ki\u0161u ili pljusak sa grmljavinom, naro\u010dito u sjevernim krajevima zemlje.<\/p>\n<p>Ju\u017eni i zapadni vjetar bi\u0107e umjeren do poja\u010dan, a tokom no\u0107i duva\u0107e sa sjevera.<\/p>\n<p>Jutarnja temperatura vazduha bi\u0107e u rasponu od 10 do 23, a najvi\u0161a dnevna od 23 do 35 stepeni.<\/p>\n<p>U Podgorici \u0107e prijepodne biti uglavnom sun\u010dano, a popodne i tokom no\u0107i promjenljivo obla\u010dno, sa realnim izgledima za prolaznu ki\u0161u ili pljusak i grmljavinu.<\/p>\n<p>Vjetar \u0107e u Podgorici biti slab do umjeren i mijenja\u0107e smjer.<\/p>\n<p>Jutarnja temperatura vazduha bi\u0107e oko 23, a najvi\u0161a dnevna do 35 stepeni.<\/p>\n<p><a href=\"http:\/\/www.meteo.co.me\/misc.php?text=121&amp;sektor=1&amp;grad=BAR\">Pognoza za ostale gradove.<\/a><\/p>\n","protected":false},"excerpt":{"rendered":"<p>Najvi\u0161a dnevna temperatura vazduha od 23 do 35 stepeni<\/p>\n","protected":false},"author":1,"featured_media":147337,"comment_status":"open","ping_status":"closed","sticky":false,"template":"","format":"standard","meta":{"_seopress_robots_primary_cat":"","_seopress_titles_title":"","_seopress_titles_desc":"","_seopress_robots_index":"","_et_pb_use_builder":"","_et_pb_old_content":"","_et_gb_content_width":"","inline_featured_image":false,"footnotes":""},"categories":[14,12],"tags":[],"class_list":["post-271506","post","type-post","status-publish","format-standard","has-post-thumbnail","hentry","category-vijesti","category-prica-dana"],"_links":{"self":[{"href":"https:\/\/www.pcnen.com\/portal\/wp-json\/wp\/v2\/posts\/271506","targetHints":{"allow":["GET"]}}],"collection":[{"href":"https:\/\/www.pcnen.com\/portal\/wp-json\/wp\/v2\/posts"}],"about":[{"href":"https:\/\/www.pcnen.com\/portal\/wp-json\/wp\/v2\/types\/post"}],"author":[{"embeddable":true,"href":"https:\/\/www.pcnen.com\/portal\/wp-json\/wp\/v2\/users\/1"}],"replies":[{"embeddable":true,"href":"https:\/\/www.pcnen.com\/portal\/wp-json\/wp\/v2\/comments?post=271506"}],"version-history":[{"count":0,"href":"https:\/\/www.pcnen.com\/portal\/wp-json\/wp\/v2\/posts\/271506\/revisions"}],"wp:featuredmedia":[{"embeddable":true,"href":"https:\/\/www.pcnen.com\/portal\/wp-json\/wp\/v2\/media\/147337"}],"wp:attachment":[{"href":"https:\/\/www.pcnen.com\/portal\/wp-json\/wp\/v2\/media?parent=271506"}],"wp:term":[{"taxonomy":"category","embeddable":true,"href":"https:\/\/www.pcnen.com\/portal\/wp-json\/wp\/v2\/categories?post=271506"},{"taxonomy":"post_tag","embeddable":true,"href":"https:\/\/www.pcnen.com\/portal\/wp-json\/wp\/v2\/tags?post=271506"}],"curies":[{"name":"wp","href":"https:\/\/api.w.org\/{rel}","templated":true}]}}