{"id":271484,"date":"2019-08-13T16:12:12","date_gmt":"2019-08-13T14:12:12","guid":{"rendered":"http:\/\/www.pcnen.com\/portal\/?p=271484"},"modified":"2019-08-13T16:55:09","modified_gmt":"2019-08-13T14:55:09","slug":"czip-ubijene-rode-sa-mareze","status":"publish","type":"post","link":"https:\/\/www.pcnen.com\/portal\/2019\/08\/13\/czip-ubijene-rode-sa-mareze\/","title":{"rendered":"CZIP: Ubijene rode sa Mareze"},"content":{"rendered":"<p><img loading=\"lazy\" decoding=\"async\" class=\"size-large wp-image-271485 aligncenter\" src=\"http:\/\/www.pcnen.com\/portal\/wp-content\/uploads\/2019\/08\/rode-mareza-450x217.jpeg\" alt=\"\" width=\"450\" height=\"217\" \/><\/p>\n<p>Centar za za\u0161titu i prou\u010davanje ptica (CZIP) podnije\u0107e krivi\u010dnu prijavu protiv NN lica zbog ubistva dvije odrasle jedinke roda, koje su sa tri pti\u0107a gnijezdile na Marezi.<\/p>\n<p>Iz te organizacije Vijestima su kazali da su u ponedjeljak ve\u010de dobili dojavu da je neimenovani mu\u0161karac ubio roditelje roda, vrste koja je u Crnoj Gori za\u0161ti\u0107ena od 1981.<\/p>\n<p>Par gnijezde\u0107ih roda sa Mareze na toj lokaciji boravi od po\u010detka ljeta. Do tada, jedine rode koje su gnijezdile u Crnoj Gori su Perka i Perko, rode iz Polimske ulice u Beranama.<\/p>\n<p>&#8220;Pitanje je da li \u0107e umjeti da se hrane i skupe energiju za njihov naporan put ka Africi. Dva pti\u0107a su jutros odletjela iz gnijezda, tre\u0107i je potpuno osu\u0111en na smrt ako ne bude sposoban da sam tra\u017ei hranu. Pti\u0107a su jutros nahranile kolege iz Crnogorskog dru\u0161tva ekologa, ali to je ve\u0107 odrasla jedinka koja se pla\u0161i ljudi&#8221;, rekao je Bojan Zekovi\u0107 iz CZIP-a.<\/p>\n<p>U toku protekle godine u Crnoj Gori su ubijeni i jedan sup i pelikan. Da su ptice ubijene iz vatrenog oru\u017eja, kako su tada kazali iz CZIP-a, potvrdili su snimci rentgena.<\/p>\n<p>Iz CZIP-a nemaju dilemu da je i u slu\u010daju roda sa Mareze u pitanju ubistvo.<\/p>\n<p>&#8220;Da oba roditelja nestanu za jedan dan &#8211; to je ba\u0161 te\u0161ko&#8221;, poru\u010dili su iz te organizacije.<\/p>\n<p>Iako sumnjaju u pozitivan ishod nakon podno\u0161enja prijave, ka\u017eu da to ipak \u010dine, jer je to njihova obaveza kao organizacije za za\u0161titu ptica.<\/p>\n<p>Uputili su i poziv svima koji imaju bilo kakvu informaciju o ubistvu roda na Marezi, da im se jave.<\/p>\n","protected":false},"excerpt":{"rendered":"<p>Centar za za\u0161titu i prou\u010davanje ptica (CZIP) podnije\u0107e krivi\u010dnu prijavu protiv NN lica zbog ubistva dvije odrasle jedinke roda, koje su sa tri pti\u0107a gnijezdile na Marezi. Iz te organizacije Vijestima su kazali da su u ponedjeljak ve\u010de dobili dojavu da je neimenovani mu\u0161karac ubio roditelje roda, vrste koja je u Crnoj Gori za\u0161ti\u0107ena od [&hellip;]<\/p>\n","protected":false},"author":1,"featured_media":0,"comment_status":"open","ping_status":"closed","sticky":false,"template":"","format":"standard","meta":{"_seopress_robots_primary_cat":"","_seopress_titles_title":"","_seopress_titles_desc":"","_seopress_robots_index":"","_et_pb_use_builder":"","_et_pb_old_content":"","_et_gb_content_width":"","inline_featured_image":false,"footnotes":""},"categories":[14,12],"tags":[],"class_list":["post-271484","post","type-post","status-publish","format-standard","hentry","category-vijesti","category-prica-dana"],"_links":{"self":[{"href":"https:\/\/www.pcnen.com\/portal\/wp-json\/wp\/v2\/posts\/271484","targetHints":{"allow":["GET"]}}],"collection":[{"href":"https:\/\/www.pcnen.com\/portal\/wp-json\/wp\/v2\/posts"}],"about":[{"href":"https:\/\/www.pcnen.com\/portal\/wp-json\/wp\/v2\/types\/post"}],"author":[{"embeddable":true,"href":"https:\/\/www.pcnen.com\/portal\/wp-json\/wp\/v2\/users\/1"}],"replies":[{"embeddable":true,"href":"https:\/\/www.pcnen.com\/portal\/wp-json\/wp\/v2\/comments?post=271484"}],"version-history":[{"count":0,"href":"https:\/\/www.pcnen.com\/portal\/wp-json\/wp\/v2\/posts\/271484\/revisions"}],"wp:attachment":[{"href":"https:\/\/www.pcnen.com\/portal\/wp-json\/wp\/v2\/media?parent=271484"}],"wp:term":[{"taxonomy":"category","embeddable":true,"href":"https:\/\/www.pcnen.com\/portal\/wp-json\/wp\/v2\/categories?post=271484"},{"taxonomy":"post_tag","embeddable":true,"href":"https:\/\/www.pcnen.com\/portal\/wp-json\/wp\/v2\/tags?post=271484"}],"curies":[{"name":"wp","href":"https:\/\/api.w.org\/{rel}","templated":true}]}}