{"id":271431,"date":"2019-08-12T19:39:55","date_gmt":"2019-08-12T17:39:55","guid":{"rendered":"http:\/\/www.pcnen.com\/portal\/?p=271431"},"modified":"2019-08-12T19:39:55","modified_gmt":"2019-08-12T17:39:55","slug":"u-planinama-nagovjestaj-osvjezenja","status":"publish","type":"post","link":"https:\/\/www.pcnen.com\/portal\/2019\/08\/12\/u-planinama-nagovjestaj-osvjezenja\/","title":{"rendered":"U planinama nagovje\u0161taj osvje\u017eenja"},"content":{"rendered":"<p><img loading=\"lazy\" decoding=\"async\" class=\"alignleft size-large wp-image-155394\" src=\"http:\/\/www.pcnen.com\/portal\/wp-content\/uploads\/2014\/08\/Vrazje-j.-450x209.jpg\" alt=\"\" width=\"450\" height=\"209\" srcset=\"https:\/\/www.pcnen.com\/portal\/wp-content\/uploads\/2014\/08\/Vrazje-j.-450x209.jpg 450w, https:\/\/www.pcnen.com\/portal\/wp-content\/uploads\/2014\/08\/Vrazje-j.-300x139.jpg 300w, https:\/\/www.pcnen.com\/portal\/wp-content\/uploads\/2014\/08\/Vrazje-j.-580x270.jpg 580w, https:\/\/www.pcnen.com\/portal\/wp-content\/uploads\/2014\/08\/Vrazje-j.-480x223.jpg 480w, https:\/\/www.pcnen.com\/portal\/wp-content\/uploads\/2014\/08\/Vrazje-j.-235x109.jpg 235w, https:\/\/www.pcnen.com\/portal\/wp-content\/uploads\/2014\/08\/Vrazje-j.-75x34.jpg 75w, https:\/\/www.pcnen.com\/portal\/wp-content\/uploads\/2014\/08\/Vrazje-j.-350x162.jpg 350w, https:\/\/www.pcnen.com\/portal\/wp-content\/uploads\/2014\/08\/Vrazje-j.-220x102.jpg 220w, https:\/\/www.pcnen.com\/portal\/wp-content\/uploads\/2014\/08\/Vrazje-j..jpg 600w\" sizes=\"(max-width: 450px) 100vw, 450px\" \/>Prete\u017eno sun\u010dano i veoma toplo bi\u0107e i u utorak u Crnoj Gori.<\/p>\n<p>U planinama \u0107e poslije podne biti umjerene obla\u010dnosti, a lokalno bi\u0107e mogu\u0107a kratkotrajno ki\u0161a ili grmljavina.<\/p>\n<p>Vjetar uglavnom ju\u017eni i zapadni bi\u0107e slab do umjeren.<\/p>\n<p>Jutarnja temperatura vazduha bi\u0107e u rasponu od 13 do 26, a najvi\u0161a dnevna od 30 do 40 stepeni.<\/p>\n<p>U Podgorici \u0107e biti sun\u010dano i vru\u0107e. Slab do umjeren vjetar \u0107e danju duvati s juga i jugoistoka. Jutarnja temperatura vazduha bi\u0107e oko 25, a najvi\u0161a dnevna do 40 stepeni.<\/p>\n<p><a href=\"http:\/\/www.meteo.co.me\/misc.php?text=121&amp;sektor=1&amp;grad=CET\">Prognoza za ostale gradove.<\/a><\/p>\n","protected":false},"excerpt":{"rendered":"<p>Najvi\u0161a dnevna temperatura od 30 do 40 stepeni<\/p>\n","protected":false},"author":1,"featured_media":155394,"comment_status":"open","ping_status":"closed","sticky":false,"template":"","format":"standard","meta":{"_seopress_robots_primary_cat":"","_seopress_titles_title":"","_seopress_titles_desc":"","_seopress_robots_index":"","_et_pb_use_builder":"","_et_pb_old_content":"","_et_gb_content_width":"","inline_featured_image":false,"footnotes":""},"categories":[14,12],"tags":[],"class_list":["post-271431","post","type-post","status-publish","format-standard","has-post-thumbnail","hentry","category-vijesti","category-prica-dana"],"_links":{"self":[{"href":"https:\/\/www.pcnen.com\/portal\/wp-json\/wp\/v2\/posts\/271431","targetHints":{"allow":["GET"]}}],"collection":[{"href":"https:\/\/www.pcnen.com\/portal\/wp-json\/wp\/v2\/posts"}],"about":[{"href":"https:\/\/www.pcnen.com\/portal\/wp-json\/wp\/v2\/types\/post"}],"author":[{"embeddable":true,"href":"https:\/\/www.pcnen.com\/portal\/wp-json\/wp\/v2\/users\/1"}],"replies":[{"embeddable":true,"href":"https:\/\/www.pcnen.com\/portal\/wp-json\/wp\/v2\/comments?post=271431"}],"version-history":[{"count":0,"href":"https:\/\/www.pcnen.com\/portal\/wp-json\/wp\/v2\/posts\/271431\/revisions"}],"wp:featuredmedia":[{"embeddable":true,"href":"https:\/\/www.pcnen.com\/portal\/wp-json\/wp\/v2\/media\/155394"}],"wp:attachment":[{"href":"https:\/\/www.pcnen.com\/portal\/wp-json\/wp\/v2\/media?parent=271431"}],"wp:term":[{"taxonomy":"category","embeddable":true,"href":"https:\/\/www.pcnen.com\/portal\/wp-json\/wp\/v2\/categories?post=271431"},{"taxonomy":"post_tag","embeddable":true,"href":"https:\/\/www.pcnen.com\/portal\/wp-json\/wp\/v2\/tags?post=271431"}],"curies":[{"name":"wp","href":"https:\/\/api.w.org\/{rel}","templated":true}]}}