{"id":271425,"date":"2019-08-12T17:22:49","date_gmt":"2019-08-12T15:22:49","guid":{"rendered":"http:\/\/www.pcnen.com\/portal\/?p=271425"},"modified":"2019-08-12T17:22:49","modified_gmt":"2019-08-12T15:22:49","slug":"odlazak-iz-srbije-planira-64-odsto-mladih","status":"publish","type":"post","link":"https:\/\/www.pcnen.com\/portal\/2019\/08\/12\/odlazak-iz-srbije-planira-64-odsto-mladih\/","title":{"rendered":"Odlazak iz Srbije planira 64 odsto mladih"},"content":{"rendered":"<p><img loading=\"lazy\" decoding=\"async\" class=\"wp-image-271426 aligncenter\" src=\"http:\/\/www.pcnen.com\/portal\/wp-content\/uploads\/2019\/08\/odlazak-mladi-300x194.jpg\" alt=\"\" width=\"417\" height=\"270\" srcset=\"https:\/\/www.pcnen.com\/portal\/wp-content\/uploads\/2019\/08\/odlazak-mladi-300x194.jpg 300w, https:\/\/www.pcnen.com\/portal\/wp-content\/uploads\/2019\/08\/odlazak-mladi-580x375.jpg 580w, https:\/\/www.pcnen.com\/portal\/wp-content\/uploads\/2019\/08\/odlazak-mladi-285x184.jpg 285w, https:\/\/www.pcnen.com\/portal\/wp-content\/uploads\/2019\/08\/odlazak-mladi-450x290.jpg 450w, https:\/\/www.pcnen.com\/portal\/wp-content\/uploads\/2019\/08\/odlazak-mladi-480x310.jpg 480w, https:\/\/www.pcnen.com\/portal\/wp-content\/uploads\/2019\/08\/odlazak-mladi-235x152.jpg 235w, https:\/\/www.pcnen.com\/portal\/wp-content\/uploads\/2019\/08\/odlazak-mladi-75x48.jpg 75w, https:\/\/www.pcnen.com\/portal\/wp-content\/uploads\/2019\/08\/odlazak-mladi-350x226.jpg 350w, https:\/\/www.pcnen.com\/portal\/wp-content\/uploads\/2019\/08\/odlazak-mladi-220x142.jpg 220w, https:\/\/www.pcnen.com\/portal\/wp-content\/uploads\/2019\/08\/odlazak-mladi.jpg 620w\" sizes=\"(max-width: 417px) 100vw, 417px\" \/><br \/>\nVe\u0107ina mladih u Srbiji nije zainteresovana za politiku, njih 64 odsto planira da se iseli iz zemlje a \u010dlanstvo u EU podr\u017eava 38 odsto ispitanika, pokazuju rezultati danas predstavljenog Alternativnog izvje\u0161taja o polo\u017eaju i potrebama mladih za 2019. Godinu, prenosi Beta.<\/p>\n<p>Navode\u0107i da je procenat mladih koji su zainteresovani za politiku u Srbiji opao sa 31 odsto u pro\u0161loj godini na 24,2 odsto u 2019, generalni sekretar Krovne organizacije mladih Stefan \u0110or\u0111evi\u0107 je kazao da je tome najvi\u0161e doprinijelo rasprostranjeno uvjerenje kod mladih da nemaju uticaja na politi\u010dke procese i odluke.<\/p>\n<p>&#8220;Redovno na izborima glasa 40 odsto mladih, povremeno njih 27,6 odsto dok ne\u0161to vi\u0161e od 32 odsto nikad ne izlazi na glasanje. Ve\u0107ina ispitanika, njih 42 odsto, navodi da ne glasaju jer su &#8216;svi politi\u010dari isti&#8217; dok 31,6 odsto mladih smatra da trenutno nemaju kandidata za koga bi glasali&#8221;, naveo je \u0110or\u0111evi\u0107.<\/p>\n<p>Istra\u017eivanje je pokazalo i da 59 odsto ispitanika smatra da je Srbiji potreban &#8220;jak vo\u0111a&#8221;, 10 odsto nije imalo odgovor na to pitanje, dok 31 odsto\u00a0 smatra da zemlji nije potreban lider koga \u0107e narod slijediti.<\/p>\n<p>Vi\u0161e od 70 odsto mladih je ocijenilo da u Srbiji ne postoji sloboda medija a njih 40 odsto ne podr\u017eava ulazak zemlje u EU, dok 22 odsto ispitanika nema stav na tu temu.<\/p>\n<p>Istra\u017eivanje je pokazalo i da 33 odsto mladih smatra da bi spoljnu politiku zemlje vi\u0161e trebalo osloniti na Rusiju, 21 odsto navodi EU kao oslonac spoljne politike a samo pet odsto vidi SAD u toj ulozi.<\/p>\n<p>Najni\u017eu stopu povjerenja mladi imaju u politi\u010dke partije, medije i politi\u010dke institucije, a \u010dak 81 odsto ispitanika navodi da ne postoji politi\u010dar kome vjeruju.<\/p>\n<p>Istra\u017eivanje je sprovedeno od od maja do jula, na uzorku od 1.238 ispitanika.<\/p>\n","protected":false},"excerpt":{"rendered":"<p>Ve\u0107ina mladih u Srbiji nije zainteresovana za politiku, njih 64 odsto planira da se iseli iz zemlje a \u010dlanstvo u EU podr\u017eava 38 odsto ispitanika, pokazuju rezultati danas predstavljenog Alternativnog izvje\u0161taja o polo\u017eaju i potrebama mladih za 2019. Godinu, prenosi Beta. Navode\u0107i da je procenat mladih koji su zainteresovani za politiku u Srbiji opao sa [&hellip;]<\/p>\n","protected":false},"author":1,"featured_media":271426,"comment_status":"open","ping_status":"closed","sticky":false,"template":"","format":"standard","meta":{"_seopress_robots_primary_cat":"","_seopress_titles_title":"","_seopress_titles_desc":"","_seopress_robots_index":"","_et_pb_use_builder":"","_et_pb_old_content":"","_et_gb_content_width":"","inline_featured_image":false,"footnotes":""},"categories":[14,12],"tags":[],"class_list":["post-271425","post","type-post","status-publish","format-standard","has-post-thumbnail","hentry","category-vijesti","category-prica-dana"],"_links":{"self":[{"href":"https:\/\/www.pcnen.com\/portal\/wp-json\/wp\/v2\/posts\/271425","targetHints":{"allow":["GET"]}}],"collection":[{"href":"https:\/\/www.pcnen.com\/portal\/wp-json\/wp\/v2\/posts"}],"about":[{"href":"https:\/\/www.pcnen.com\/portal\/wp-json\/wp\/v2\/types\/post"}],"author":[{"embeddable":true,"href":"https:\/\/www.pcnen.com\/portal\/wp-json\/wp\/v2\/users\/1"}],"replies":[{"embeddable":true,"href":"https:\/\/www.pcnen.com\/portal\/wp-json\/wp\/v2\/comments?post=271425"}],"version-history":[{"count":0,"href":"https:\/\/www.pcnen.com\/portal\/wp-json\/wp\/v2\/posts\/271425\/revisions"}],"wp:featuredmedia":[{"embeddable":true,"href":"https:\/\/www.pcnen.com\/portal\/wp-json\/wp\/v2\/media\/271426"}],"wp:attachment":[{"href":"https:\/\/www.pcnen.com\/portal\/wp-json\/wp\/v2\/media?parent=271425"}],"wp:term":[{"taxonomy":"category","embeddable":true,"href":"https:\/\/www.pcnen.com\/portal\/wp-json\/wp\/v2\/categories?post=271425"},{"taxonomy":"post_tag","embeddable":true,"href":"https:\/\/www.pcnen.com\/portal\/wp-json\/wp\/v2\/tags?post=271425"}],"curies":[{"name":"wp","href":"https:\/\/api.w.org\/{rel}","templated":true}]}}