{"id":271411,"date":"2019-08-12T15:19:44","date_gmt":"2019-08-12T13:19:44","guid":{"rendered":"http:\/\/www.pcnen.com\/portal\/?p=271411"},"modified":"2019-08-12T16:12:48","modified_gmt":"2019-08-12T14:12:48","slug":"vujovic-iniciracu-provjeru-dodjele-stanova-funkcionerima","status":"publish","type":"post","link":"https:\/\/www.pcnen.com\/portal\/2019\/08\/12\/vujovic-iniciracu-provjeru-dodjele-stanova-funkcionerima\/","title":{"rendered":"Vujovi\u0107: Inicira\u0107u provjeru dodjele stanova funkcionerima"},"content":{"rendered":"<p><img loading=\"lazy\" decoding=\"async\" class=\"alignleft size-medium wp-image-271419\" src=\"http:\/\/www.pcnen.com\/portal\/wp-content\/uploads\/2019\/08\/Zlatko-Vujovic-300x193.jpg\" alt=\"\" width=\"300\" height=\"193\" srcset=\"https:\/\/www.pcnen.com\/portal\/wp-content\/uploads\/2019\/08\/Zlatko-Vujovic-300x193.jpg 300w, https:\/\/www.pcnen.com\/portal\/wp-content\/uploads\/2019\/08\/Zlatko-Vujovic-580x375.jpg 580w, https:\/\/www.pcnen.com\/portal\/wp-content\/uploads\/2019\/08\/Zlatko-Vujovic-285x184.jpg 285w, https:\/\/www.pcnen.com\/portal\/wp-content\/uploads\/2019\/08\/Zlatko-Vujovic-450x289.jpg 450w, https:\/\/www.pcnen.com\/portal\/wp-content\/uploads\/2019\/08\/Zlatko-Vujovic-480x309.jpg 480w, https:\/\/www.pcnen.com\/portal\/wp-content\/uploads\/2019\/08\/Zlatko-Vujovic-235x151.jpg 235w, https:\/\/www.pcnen.com\/portal\/wp-content\/uploads\/2019\/08\/Zlatko-Vujovic-75x48.jpg 75w, https:\/\/www.pcnen.com\/portal\/wp-content\/uploads\/2019\/08\/Zlatko-Vujovic-350x225.jpg 350w, https:\/\/www.pcnen.com\/portal\/wp-content\/uploads\/2019\/08\/Zlatko-Vujovic-220x141.jpg 220w, https:\/\/www.pcnen.com\/portal\/wp-content\/uploads\/2019\/08\/Zlatko-Vujovic.jpg 650w\" sizes=\"(max-width: 300px) 100vw, 300px\" \/>\u010clan Savjeta Agencije za sprje\u010davanje korupcije Crne Gore Zlatko Vujovi\u0107 je rekao za <a href=\"https:\/\/www.slobodnaevropa.org\/a\/30105769.html\">Radio Slobodna Evropa<\/a> da <a href=\"http:\/\/www.pcnen.com\/portal\/2019\/08\/10\/objavljena-imena-funkcionera-koji-su-dobili-stanove-i-kredite\/\">dodjela stanova i kredita, po beneficiranim uslovima<\/a> za funkcionere i dr\u017eavne slu\u017ebenike, mo\u017ee imati uticaj na integritet i nezavisnost institucija, a posebno na one institucije koje ne pripadaju izvr\u0161noj vlasti.<\/p>\n<p>Vujovi\u0107 je najavio da \u0107e na narednoj sjednici Savjeta Agencije za sprje\u010davanje korupcije, inicirati provjeru imovinskih kartona brojnih dr\u017eavnih funkcionera kojima je Vlada Crne Gore, u protekle dvije godine pod veoma povoljnim uslovima, odobrila stambene kredite ili im je dodijelila stan.<\/p>\n<p>\u201cAko je Vladin kredit takav da je potrebno vratiti svega 20% glavnice po kreditnoj liniji, to zna\u010di da vam je neko bespovratno dao zna\u010dajna sredstva. Sve to svakako ima velikog uticaja, \u010dak i ako je formalno regulisano i ako je sve u skladu sa propisima, otvara se pitanje da li to uti\u010de na integritet i donosioca odluka koji ne pripada izvr\u0161noj vlasti, rekao je Vujovi\u0107.<\/p>\n<p>Prema objavljenim podacima u crnogorskim medijima, dio funkcionera koji su dobili povoljne kredite ili stan, nisu prijavili uve\u0107anje imovine u imovinskim kartonima.<\/p>\n<p>Me\u0111u njima je i direktor Agencije za sprje\u010davanje korupcije Sreten Radonji\u0107 kome je Vlada odobrila kredit od 40.000 eura. Radonji\u0107 je naknadno saop\u0161tio da je &#8211; pismenim obavje\u0161tenjem dostavio Agenciji podatke o tome da je krajem decembra 2018. godine zaklju\u010dio sa Upravom za imovinu ugovor o kreditnim sredstvima za pobolj\u0161anje uslova stanovanja, odnosno da je uve\u0107anje imovine prijavljeno.<\/p>\n","protected":false},"excerpt":{"rendered":"<p>\u010clan Savjeta Agencije za sprje\u010davanje korupcije Crne Gore Zlatko Vujovi\u0107 je rekao za Radio Slobodna Evropa da dodjela stanova i kredita, po beneficiranim uslovima za funkcionere i dr\u017eavne slu\u017ebenike, mo\u017ee imati uticaj na integritet i nezavisnost institucija, a posebno na one institucije koje ne pripadaju izvr\u0161noj vlasti. Vujovi\u0107 je najavio da \u0107e na narednoj sjednici [&hellip;]<\/p>\n","protected":false},"author":1,"featured_media":271419,"comment_status":"open","ping_status":"closed","sticky":false,"template":"","format":"standard","meta":{"_seopress_robots_primary_cat":"","_seopress_titles_title":"","_seopress_titles_desc":"","_seopress_robots_index":"","_et_pb_use_builder":"","_et_pb_old_content":"","_et_gb_content_width":"","inline_featured_image":false,"footnotes":""},"categories":[14,12],"tags":[],"class_list":["post-271411","post","type-post","status-publish","format-standard","has-post-thumbnail","hentry","category-vijesti","category-prica-dana"],"_links":{"self":[{"href":"https:\/\/www.pcnen.com\/portal\/wp-json\/wp\/v2\/posts\/271411","targetHints":{"allow":["GET"]}}],"collection":[{"href":"https:\/\/www.pcnen.com\/portal\/wp-json\/wp\/v2\/posts"}],"about":[{"href":"https:\/\/www.pcnen.com\/portal\/wp-json\/wp\/v2\/types\/post"}],"author":[{"embeddable":true,"href":"https:\/\/www.pcnen.com\/portal\/wp-json\/wp\/v2\/users\/1"}],"replies":[{"embeddable":true,"href":"https:\/\/www.pcnen.com\/portal\/wp-json\/wp\/v2\/comments?post=271411"}],"version-history":[{"count":0,"href":"https:\/\/www.pcnen.com\/portal\/wp-json\/wp\/v2\/posts\/271411\/revisions"}],"wp:featuredmedia":[{"embeddable":true,"href":"https:\/\/www.pcnen.com\/portal\/wp-json\/wp\/v2\/media\/271419"}],"wp:attachment":[{"href":"https:\/\/www.pcnen.com\/portal\/wp-json\/wp\/v2\/media?parent=271411"}],"wp:term":[{"taxonomy":"category","embeddable":true,"href":"https:\/\/www.pcnen.com\/portal\/wp-json\/wp\/v2\/categories?post=271411"},{"taxonomy":"post_tag","embeddable":true,"href":"https:\/\/www.pcnen.com\/portal\/wp-json\/wp\/v2\/tags?post=271411"}],"curies":[{"name":"wp","href":"https:\/\/api.w.org\/{rel}","templated":true}]}}