{"id":271377,"date":"2019-08-11T22:47:52","date_gmt":"2019-08-11T20:47:52","guid":{"rendered":"http:\/\/www.pcnen.com\/portal\/?p=271377"},"modified":"2019-08-11T22:47:52","modified_gmt":"2019-08-11T20:47:52","slug":"sunce-sunce-sunce-2","status":"publish","type":"post","link":"https:\/\/www.pcnen.com\/portal\/2019\/08\/11\/sunce-sunce-sunce-2\/","title":{"rendered":"Sunce, sunce, sunce"},"content":{"rendered":"<p><img loading=\"lazy\" decoding=\"async\" class=\"size-large wp-image-187267 aligncenter\" src=\"http:\/\/www.pcnen.com\/portal\/wp-content\/uploads\/2015\/08\/pas-vrucina-450x335.jpg\" alt=\"\" width=\"450\" height=\"335\" \/><\/p>\n<p>U Crnoj Gori \u0107e u ponedjeljak biti sun\u010dano i veoma toplo.<\/p>\n<p>Ujutro \u0107e \u00a0na sjeveru, po kotlinama, biri kratkotrajne magle.<\/p>\n<p>Duva\u0107e slab do umjeren vjetar, promjenljiv.<\/p>\n<p>Jutarnja temperatura vazduha kreta\u0107e se od 14 do 26, najvi\u0161a dnevna od 31 do 41 stepen.<\/p>\n<p>U Podgorica \u0107e biti sun\u010dano i vru\u0107e.<\/p>\n<p>Vjetar \u0107e biti slab do umjeren i promjenljiv.<\/p>\n<p>Jutarnja temperatura vazduha bi\u0107e oko 26, najvi\u0161a dnevna do 41 stepen.<\/p>\n<p><a href=\"http:\/\/www.meteo.co.me\/misc.php?text=121&amp;sektor=1&amp;grad=MOJ\">Prognoza za ostale gradove.<\/a><\/p>\n","protected":false},"excerpt":{"rendered":"<p>U Crnoj Gori \u0107e u ponedjeljak biti sun\u010dano i veoma toplo. Ujutro \u0107e \u00a0na sjeveru, po kotlinama, biri kratkotrajne magle. Duva\u0107e slab do umjeren vjetar, promjenljiv. Jutarnja temperatura vazduha kreta\u0107e se od 14 do 26, najvi\u0161a dnevna od 31 do 41 stepen. U Podgorica \u0107e biti sun\u010dano i vru\u0107e. Vjetar \u0107e biti slab do umjeren [&hellip;]<\/p>\n","protected":false},"author":1,"featured_media":0,"comment_status":"open","ping_status":"closed","sticky":false,"template":"","format":"standard","meta":{"_seopress_robots_primary_cat":"","_seopress_titles_title":"","_seopress_titles_desc":"","_seopress_robots_index":"","_et_pb_use_builder":"","_et_pb_old_content":"","_et_gb_content_width":"","inline_featured_image":false,"footnotes":""},"categories":[14,12],"tags":[],"class_list":["post-271377","post","type-post","status-publish","format-standard","hentry","category-vijesti","category-prica-dana"],"_links":{"self":[{"href":"https:\/\/www.pcnen.com\/portal\/wp-json\/wp\/v2\/posts\/271377","targetHints":{"allow":["GET"]}}],"collection":[{"href":"https:\/\/www.pcnen.com\/portal\/wp-json\/wp\/v2\/posts"}],"about":[{"href":"https:\/\/www.pcnen.com\/portal\/wp-json\/wp\/v2\/types\/post"}],"author":[{"embeddable":true,"href":"https:\/\/www.pcnen.com\/portal\/wp-json\/wp\/v2\/users\/1"}],"replies":[{"embeddable":true,"href":"https:\/\/www.pcnen.com\/portal\/wp-json\/wp\/v2\/comments?post=271377"}],"version-history":[{"count":0,"href":"https:\/\/www.pcnen.com\/portal\/wp-json\/wp\/v2\/posts\/271377\/revisions"}],"wp:attachment":[{"href":"https:\/\/www.pcnen.com\/portal\/wp-json\/wp\/v2\/media?parent=271377"}],"wp:term":[{"taxonomy":"category","embeddable":true,"href":"https:\/\/www.pcnen.com\/portal\/wp-json\/wp\/v2\/categories?post=271377"},{"taxonomy":"post_tag","embeddable":true,"href":"https:\/\/www.pcnen.com\/portal\/wp-json\/wp\/v2\/tags?post=271377"}],"curies":[{"name":"wp","href":"https:\/\/api.w.org\/{rel}","templated":true}]}}