{"id":271290,"date":"2019-08-10T17:38:19","date_gmt":"2019-08-10T15:38:19","guid":{"rendered":"http:\/\/www.pcnen.com\/portal\/?p=271290"},"modified":"2019-08-10T20:52:25","modified_gmt":"2019-08-10T18:52:25","slug":"objavljena-imena-funkcionera-koji-su-dobili-stanove-i-kredite","status":"publish","type":"post","link":"https:\/\/www.pcnen.com\/portal\/2019\/08\/10\/objavljena-imena-funkcionera-koji-su-dobili-stanove-i-kredite\/","title":{"rendered":"Objavljena imena funkcionera koji su dobili stanove i kredite"},"content":{"rendered":"<p><img loading=\"lazy\" decoding=\"async\" class=\"alignleft size-full wp-image-65699\" src=\"http:\/\/www.pcnen.com\/portal\/wp-content\/uploads\/2011\/11\/vlada_cg2-e1536247652887.png\" alt=\"\" width=\"300\" height=\"91\" \/>Komisija za stambena pitanja Vlade Crne Gore je objavila\u00a0 spisak funkcionera kojima su dodijeljeni stanovi ili krediti pod povoljnim uslovima u mandatu premijera Du\u0161ka Markovi\u0107a.<\/p>\n<p>Na spisku su ministri, poslanici, slu\u017ebenici Vlade i Skup\u0161tine Crne Gore, direktori dr\u017eavnih preduze\u0107a, sudije i tu\u017eiocu, i mnogi drugi dr\u017eavni funkcioneri.<\/p>\n<p>Vlada Crne Gore je saop\u0161tila danas da se spisak funkcionera sa podacima o dodijeljenim stanovima i kreditima nalazi na njihovom portalu u dijelu gdje je <a href=\"http:\/\/www.gsv.gov.me\/spi\/Komisija_za_stambena_pitanja\">Generalni sekretarijat<\/a>.<\/p>\n<p>Markovi\u0107 je pro\u0161log mjeseca obe\u0107ao tokom premijerskog \u010dasa u Skup\u0161tini da \u0107e objaviti podatke o stanovima i kreditima funkcionera, koji su prema odluci Komisije za stambena pitanja bili ozna\u010deni stepenom tajnosti.<\/p>\n<p>On je naveo da je kroz razne vidove vladine podr\u0161ke stambeno pitanje rije\u0161ilo oko 2.400 zaposlenih u prosvjeti, zdravstvu, sektoru bezbjednosti i javnoj upravi.<\/p>\n<p>Premijer je tada istakao da nije rije\u010d o dodjeli besplatnih stanova bez osnova, reda i propisa, ve\u0107 na osnovu odluke prema kojoj dr\u017eavni slu\u017ebenici, a ne samo funkcioneri, imaju mogu\u0107nost na povlastice pri rje\u0161avanju stambenog pitanja.<\/p>\n","protected":false},"excerpt":{"rendered":"<p>Komisija za stambena pitanja Vlade Crne Gore je objavila\u00a0 spisak funkcionera kojima su dodijeljeni stanovi ili krediti pod povoljnim uslovima u mandatu premijera Du\u0161ka Markovi\u0107a. Na spisku su ministri, poslanici, slu\u017ebenici Vlade i Skup\u0161tine Crne Gore, direktori dr\u017eavnih preduze\u0107a, sudije i tu\u017eiocu, i mnogi drugi dr\u017eavni funkcioneri. Vlada Crne Gore je saop\u0161tila danas da se [&hellip;]<\/p>\n","protected":false},"author":1,"featured_media":0,"comment_status":"open","ping_status":"closed","sticky":false,"template":"","format":"standard","meta":{"_seopress_robots_primary_cat":"","_seopress_titles_title":"","_seopress_titles_desc":"","_seopress_robots_index":"","_et_pb_use_builder":"","_et_pb_old_content":"","_et_gb_content_width":"","inline_featured_image":false,"footnotes":""},"categories":[14,12],"tags":[],"class_list":["post-271290","post","type-post","status-publish","format-standard","hentry","category-vijesti","category-prica-dana"],"_links":{"self":[{"href":"https:\/\/www.pcnen.com\/portal\/wp-json\/wp\/v2\/posts\/271290","targetHints":{"allow":["GET"]}}],"collection":[{"href":"https:\/\/www.pcnen.com\/portal\/wp-json\/wp\/v2\/posts"}],"about":[{"href":"https:\/\/www.pcnen.com\/portal\/wp-json\/wp\/v2\/types\/post"}],"author":[{"embeddable":true,"href":"https:\/\/www.pcnen.com\/portal\/wp-json\/wp\/v2\/users\/1"}],"replies":[{"embeddable":true,"href":"https:\/\/www.pcnen.com\/portal\/wp-json\/wp\/v2\/comments?post=271290"}],"version-history":[{"count":0,"href":"https:\/\/www.pcnen.com\/portal\/wp-json\/wp\/v2\/posts\/271290\/revisions"}],"wp:attachment":[{"href":"https:\/\/www.pcnen.com\/portal\/wp-json\/wp\/v2\/media?parent=271290"}],"wp:term":[{"taxonomy":"category","embeddable":true,"href":"https:\/\/www.pcnen.com\/portal\/wp-json\/wp\/v2\/categories?post=271290"},{"taxonomy":"post_tag","embeddable":true,"href":"https:\/\/www.pcnen.com\/portal\/wp-json\/wp\/v2\/tags?post=271290"}],"curies":[{"name":"wp","href":"https:\/\/api.w.org\/{rel}","templated":true}]}}