{"id":271242,"date":"2019-08-09T17:16:16","date_gmt":"2019-08-09T15:16:16","guid":{"rendered":"http:\/\/www.pcnen.com\/portal\/?p=271242"},"modified":"2019-08-09T17:19:39","modified_gmt":"2019-08-09T15:19:39","slug":"poginuo-crnogorski-alpinista-milan-radovic","status":"publish","type":"post","link":"https:\/\/www.pcnen.com\/portal\/2019\/08\/09\/poginuo-crnogorski-alpinista-milan-radovic\/","title":{"rendered":"Poginuo crnogorski alpinista Milan Radovi\u0107"},"content":{"rendered":"<p><img loading=\"lazy\" decoding=\"async\" class=\"alignleft size-medium wp-image-271243\" src=\"http:\/\/www.pcnen.com\/portal\/wp-content\/uploads\/2019\/08\/Milan-Radovic-266x300.jpg\" alt=\"\" width=\"266\" height=\"300\" \/>Crnogorski alpinista Milan Radovi\u0107, \u010dlan \u00a0planinarskog kluba &#8220;Visokogorci Crne Gore&#8221;, poginuo je ju\u010de tokom ekspedicije u planinskom masivu Tjan \u0160en.<\/p>\n<p>Radovi\u0107 je <a href=\"http:\/\/www.visokogorcicg.com\/tag\/milan-radovic\/\">na ekspediciju<\/a> krenuo sa klupskim drugom Aleksandrom \u0110aji\u0107em 20. jula, a ekspedicija je organizovana povodom deset godina postojanja planinarskog kluba &#8220;Visokogorci Crne Gore&#8221;.<\/p>\n<p>Masiv Tjan \u0160en je dio najveli\u010danstvenijeg planinskog masiva na svijetu Himalaji-Karakorum-Tjan \u0160en-Pamir.<\/p>\n<p>Radovi\u0107 je ro\u0111en u Plu\u017einama 15. aprila 1970. godine.<\/p>\n","protected":false},"excerpt":{"rendered":"<p>Crnogorski alpinista Milan Radovi\u0107, \u010dlan \u00a0planinarskog kluba &#8220;Visokogorci Crne Gore&#8221;, poginuo je ju\u010de tokom ekspedicije u planinskom masivu Tjan \u0160en. Radovi\u0107 je na ekspediciju krenuo sa klupskim drugom Aleksandrom \u0110aji\u0107em 20. jula, a ekspedicija je organizovana povodom deset godina postojanja planinarskog kluba &#8220;Visokogorci Crne Gore&#8221;. Masiv Tjan \u0160en je dio najveli\u010danstvenijeg planinskog masiva na svijetu [&hellip;]<\/p>\n","protected":false},"author":1,"featured_media":0,"comment_status":"open","ping_status":"closed","sticky":false,"template":"","format":"standard","meta":{"_seopress_robots_primary_cat":"","_seopress_titles_title":"","_seopress_titles_desc":"","_seopress_robots_index":"","_et_pb_use_builder":"","_et_pb_old_content":"","_et_gb_content_width":"","inline_featured_image":false,"footnotes":""},"categories":[14,12],"tags":[],"class_list":["post-271242","post","type-post","status-publish","format-standard","hentry","category-vijesti","category-prica-dana"],"_links":{"self":[{"href":"https:\/\/www.pcnen.com\/portal\/wp-json\/wp\/v2\/posts\/271242","targetHints":{"allow":["GET"]}}],"collection":[{"href":"https:\/\/www.pcnen.com\/portal\/wp-json\/wp\/v2\/posts"}],"about":[{"href":"https:\/\/www.pcnen.com\/portal\/wp-json\/wp\/v2\/types\/post"}],"author":[{"embeddable":true,"href":"https:\/\/www.pcnen.com\/portal\/wp-json\/wp\/v2\/users\/1"}],"replies":[{"embeddable":true,"href":"https:\/\/www.pcnen.com\/portal\/wp-json\/wp\/v2\/comments?post=271242"}],"version-history":[{"count":0,"href":"https:\/\/www.pcnen.com\/portal\/wp-json\/wp\/v2\/posts\/271242\/revisions"}],"wp:attachment":[{"href":"https:\/\/www.pcnen.com\/portal\/wp-json\/wp\/v2\/media?parent=271242"}],"wp:term":[{"taxonomy":"category","embeddable":true,"href":"https:\/\/www.pcnen.com\/portal\/wp-json\/wp\/v2\/categories?post=271242"},{"taxonomy":"post_tag","embeddable":true,"href":"https:\/\/www.pcnen.com\/portal\/wp-json\/wp\/v2\/tags?post=271242"}],"curies":[{"name":"wp","href":"https:\/\/api.w.org\/{rel}","templated":true}]}}