{"id":271156,"date":"2019-08-07T22:05:15","date_gmt":"2019-08-07T20:05:15","guid":{"rendered":"http:\/\/www.pcnen.com\/portal\/?p=271156"},"modified":"2019-08-07T22:22:44","modified_gmt":"2019-08-07T20:22:44","slug":"bez-tehnicke-vlade-nema-izbora","status":"publish","type":"post","link":"https:\/\/www.pcnen.com\/portal\/2019\/08\/07\/bez-tehnicke-vlade-nema-izbora\/","title":{"rendered":"Bez tehni\u010dke Vlade nema izbora"},"content":{"rendered":"<p><img loading=\"lazy\" decoding=\"async\" class=\"size-large wp-image-271157 aligncenter\" src=\"http:\/\/www.pcnen.com\/portal\/wp-content\/uploads\/2019\/08\/odupri-se-i-opozicija-sastanak-450x243.jpg\" alt=\"\" width=\"450\" height=\"243\" \/><\/p>\n<p>Predstavnici pokreta Odupri se i opozicije odr\u017eali su danas sastanak potpisnika Sporazuma o buduc\u0301nosti, koji su 30. marta, na Trgu nezavisnosti u Podgorici, podr\u017eali poslanici opozicije i predstavnici ovog pokreta.<\/p>\n<p>Sastanku su prisustvovali predstavnici Demokrata, Danijela Pavic\u0301evic\u0301 iz SNP-a, Janko Vu\u010dinic\u0301 iz Radni\u010dke partije, nezavisni poslanik Aleksandar Damjanovic\u0301 i nezavisna poslanica Anka Vukic\u0301evic\u0301, kao i predstavnici Gra\u0111anskog pokreta URA.<\/p>\n<p>Sastanku nisu prisustvovali poslanici Demokratskog fronta (DF), Socijaldemokratske partije (SDP), nezavisni poslanik Ne\u0111eljko Rudovic\u0301, lider Demosa Miodrag Lekic\u0301, te predsjednik Ujedinjene Crne Gore Goran Danilovic\u0301.<\/p>\n<p>Lider pokreta Odupri se D\u017eemal Perovic\u0301 je kazao da su o\u010dekivali prisustvo svih 39 poslanika i da c\u0301e se izjasniti o svom vi\u0111enju politi\u010dke situacije u Crnoj Gori, te da su svi prekr\u0161ili duh sporazuma da se pristupi zajedni\u010dkom djelovanju opozicije.<\/p>\n<p>\u201eNije u redu da sa sporazumom opozicione partije mlate kao batinom jedni protiv drugih\u201c, kazao je Perovic\u0301.<\/p>\n<p>U\u010desnici sastanka su apelovali su da se hitno prekinu govor mr\u017enje, napadi i rat me\u0111u opozicionim partijama.<\/p>\n<p>Nezavisni poslanik Aleksandar Damjanovic\u0301 ukazao je da ne\u0161to govori to \u0161to sastanku prisustvuje samo 7 od 39 opozicionih poslanika.<\/p>\n<p>\u201eKlju\u010dno pitanje je da li smo bli\u017ee ili dalje ispunjavanju sporazuma u buduc\u0301nosti\u201c, kazao je Damjanovic\u0301.<\/p>\n<p>On je tako\u0111e izrazio sumnju da c\u0301e izmjene Odluke o sveobuhvatnoj reformi izbornih zakona pomoc\u0301i da se odradi sve \u0161to je predvi\u0111eno do 15. novembra, te da ostaje na stanovi\u0161tu da se bojkotuju svi izbori, ako ne bude formirana tehni\u010dka Vlada.<\/p>\n<p>\u201eTehni\u010dka Vlada te\u0161ko da ima smisla, ako se ne formira do kraja godine\u201c, upozorio je Damjanovic\u0301.<\/p>\n<p>Predsjednik Radni\u010dke partije Janko Vu\u010dinic\u0301 poru\u010dio je da, ako ne bude tehni\u010dke Vlade, predstoje protesti, dok je nezavisna poslanica Anka Vukic\u0301evic\u0301 rekla da bez tehni\u010dke Vlade nema izlaska na izbore.<\/p>\n<p>I predstavnici pokreta su poru\u010dili da izbore treba bojkotovati, ukoliko ne bude formirana tehni\u010dka Vlada pred naredne parlementarne izbore koja \u0107e nadgledati njihovu regularnost,<\/p>\n<p>Govorec\u0301i o briselskom planu, poslanica SNP-a Danijela Pavic\u0301evic\u0301 je istakla da je potreban plan za Crnu Goru, a predstavnik GP URA Milo\u0161 Konatar rekao je da je pred opozicijom zajedni\u010dki rad na ostvarivanju uslova da buduc\u0301i izbori budu slobodni.<\/p>\n<p>Dejan Pejovic\u0301 iz pokreta Odupri se je rekao da, ako opozicija \u017eeli smjenu vlasti, mora biti zajedno, a me\u0111usobne razmirice mora staviti ad akta, do smjene re\u017eima.<\/p>\n<p>D\u017eemal Perovi\u0107 je rekao da \u0107e ubrzo biti novih protesta.<\/p>\n<p>&#8220;Veoma brzo \u0107e biti masovnih protesta. Na jesen, garantujem da \u0107e biti mnogo masovniji nego \u0161to su bili na prolje\u0107e jer je \u010ditav ovaj period pokazao da vlast priznaje samo gra\u0111ane na ulici ina\u010de ih vidi kao robove&#8221;, istakao je Perovi\u0107 za TV Vijesti.<\/p>\n<p>Sastanak, koji je trajao oko tri sata, je zavr\u0161en bez konkretnih zaklju\u010daka jer nisu prisustvovali svi opozicioni poslanici i predstavnici svih stranaka.<\/p>\n","protected":false},"excerpt":{"rendered":"<p>Predstavnici pokreta Odupri se i opozicije odr\u017eali su danas sastanak potpisnika Sporazuma o buduc\u0301nosti, koji su 30. marta, na Trgu nezavisnosti u Podgorici, podr\u017eali poslanici opozicije i predstavnici ovog pokreta. Sastanku su prisustvovali predstavnici Demokrata, Danijela Pavic\u0301evic\u0301 iz SNP-a, Janko Vu\u010dinic\u0301 iz Radni\u010dke partije, nezavisni poslanik Aleksandar Damjanovic\u0301 i nezavisna poslanica Anka Vukic\u0301evic\u0301, kao i [&hellip;]<\/p>\n","protected":false},"author":1,"featured_media":271157,"comment_status":"open","ping_status":"closed","sticky":false,"template":"","format":"standard","meta":{"_seopress_robots_primary_cat":"","_seopress_titles_title":"","_seopress_titles_desc":"","_seopress_robots_index":"","_et_pb_use_builder":"","_et_pb_old_content":"","_et_gb_content_width":"","inline_featured_image":false,"footnotes":""},"categories":[14,12],"tags":[],"class_list":["post-271156","post","type-post","status-publish","format-standard","has-post-thumbnail","hentry","category-vijesti","category-prica-dana"],"_links":{"self":[{"href":"https:\/\/www.pcnen.com\/portal\/wp-json\/wp\/v2\/posts\/271156","targetHints":{"allow":["GET"]}}],"collection":[{"href":"https:\/\/www.pcnen.com\/portal\/wp-json\/wp\/v2\/posts"}],"about":[{"href":"https:\/\/www.pcnen.com\/portal\/wp-json\/wp\/v2\/types\/post"}],"author":[{"embeddable":true,"href":"https:\/\/www.pcnen.com\/portal\/wp-json\/wp\/v2\/users\/1"}],"replies":[{"embeddable":true,"href":"https:\/\/www.pcnen.com\/portal\/wp-json\/wp\/v2\/comments?post=271156"}],"version-history":[{"count":0,"href":"https:\/\/www.pcnen.com\/portal\/wp-json\/wp\/v2\/posts\/271156\/revisions"}],"wp:featuredmedia":[{"embeddable":true,"href":"https:\/\/www.pcnen.com\/portal\/wp-json\/wp\/v2\/media\/271157"}],"wp:attachment":[{"href":"https:\/\/www.pcnen.com\/portal\/wp-json\/wp\/v2\/media?parent=271156"}],"wp:term":[{"taxonomy":"category","embeddable":true,"href":"https:\/\/www.pcnen.com\/portal\/wp-json\/wp\/v2\/categories?post=271156"},{"taxonomy":"post_tag","embeddable":true,"href":"https:\/\/www.pcnen.com\/portal\/wp-json\/wp\/v2\/tags?post=271156"}],"curies":[{"name":"wp","href":"https:\/\/api.w.org\/{rel}","templated":true}]}}