{"id":271142,"date":"2019-08-07T12:21:16","date_gmt":"2019-08-07T10:21:16","guid":{"rendered":"http:\/\/www.pcnen.com\/portal\/?p=271142"},"modified":"2019-08-07T12:21:16","modified_gmt":"2019-08-07T10:21:16","slug":"apel-mjestana-morakova","status":"publish","type":"post","link":"https:\/\/www.pcnen.com\/portal\/2019\/08\/07\/apel-mjestana-morakova\/","title":{"rendered":"Apel mje\u0161tana Morakova"},"content":{"rendered":"<p><img loading=\"lazy\" decoding=\"async\" class=\"size-large wp-image-271143 aligncenter\" src=\"http:\/\/www.pcnen.com\/portal\/wp-content\/uploads\/2019\/08\/gracanica-morakovo-450x217.jpeg\" alt=\"\" width=\"450\" height=\"217\" \/><\/p>\n<p>Iz rje\u010dnog korita Gra\u010danice, u selu Morakovo, dva bagera i pet kamiona, iskopavaju\u0107i pijesak, u\u0161li su u rejon ribolovnog revira, \u0161to ostavlja katastrofalne ekolo\u0161ke posledice, saop\u0161tili su predstavnici nik\u0161i\u0107ke \u017dupe.<\/p>\n<p>Predstavnik mje\u0161tana Morakova Dragan Marojevi\u0107 je rekao da je nakon nedavnih ekolo\u0161kih incidenata u Crnoj Gori situacija daleko od dobre.<\/p>\n<p>\u201cU nik\u0161i\u0107koj \u017dupi, ta\u010dnije selu Morakovo, ve\u0107 dva dana iskopava se pijesak iz rije\u010dnog korita Gra\u010danice, koja akcija ostavlja katastrofalne posledice u ekolo\u0161kom smislu\u201d, kazao je Marojevi\u0107.<\/p>\n<p>Prema njegovim rije\u010dima, u utorak i danas dva bagera i pet kamiona u\u0161li su u rejon ribolovnog revira rijeke Gra\u010danice i mrijestili\u0161ta pastrmke, odakle odvoze pjesak i time mute vodu koja je trenutno na biolo\u0161kom minimum, prenosi Mina.<\/p>\n<p>To zna\u010di, pojasnio je on, da je protok minimalan, a \u0161anse da se voda izbistri ravne su nuli.<\/p>\n<p>\u201cOvo ne ostavlja ni minimalne \u0161anse za floru i faunu na lokaciji\u201d, poru\u010dio je Marojevi\u0107.<\/p>\n<p>Poseban problem, smatra on, predstavlja reakcija komunalne policije, koja je, uprkos upornom prijavljivanju mje\u0161tana, odbila da iza\u0111e na lice mjesta, uz obrazlo\u017eenje da je dio kadrova na odmoru, dio na bolovanju, a neki od njih, kako je re\u010deno \u2013 bojkotuju.<\/p>\n<p>\u201cApelujemo na javnost da reaguje na ovu devastaciju i molimo da se sprije\u010di jo\u0161 jedan pomor i istrijebljenje ribe, a tako\u0111e, da se na\u0111u lica odgovorna za ovaj incident, te da budu adekvatno sankcionisana\u201d, kazao je Marojevi\u0107.<\/p>\n","protected":false},"excerpt":{"rendered":"<p>Iz rje\u010dnog korita Gra\u010danice, u selu Morakovo, dva bagera i pet kamiona, iskopavaju\u0107i pijesak, u\u0161li su u rejon ribolovnog revira, \u0161to ostavlja katastrofalne ekolo\u0161ke posledice, saop\u0161tili su predstavnici nik\u0161i\u0107ke \u017dupe. Predstavnik mje\u0161tana Morakova Dragan Marojevi\u0107 je rekao da je nakon nedavnih ekolo\u0161kih incidenata u Crnoj Gori situacija daleko od dobre. \u201cU nik\u0161i\u0107koj \u017dupi, ta\u010dnije selu [&hellip;]<\/p>\n","protected":false},"author":1,"featured_media":271143,"comment_status":"open","ping_status":"closed","sticky":false,"template":"","format":"standard","meta":{"_seopress_robots_primary_cat":"","_seopress_titles_title":"","_seopress_titles_desc":"","_seopress_robots_index":"","_et_pb_use_builder":"","_et_pb_old_content":"","_et_gb_content_width":"","inline_featured_image":false,"footnotes":""},"categories":[14,12],"tags":[],"class_list":["post-271142","post","type-post","status-publish","format-standard","has-post-thumbnail","hentry","category-vijesti","category-prica-dana"],"_links":{"self":[{"href":"https:\/\/www.pcnen.com\/portal\/wp-json\/wp\/v2\/posts\/271142","targetHints":{"allow":["GET"]}}],"collection":[{"href":"https:\/\/www.pcnen.com\/portal\/wp-json\/wp\/v2\/posts"}],"about":[{"href":"https:\/\/www.pcnen.com\/portal\/wp-json\/wp\/v2\/types\/post"}],"author":[{"embeddable":true,"href":"https:\/\/www.pcnen.com\/portal\/wp-json\/wp\/v2\/users\/1"}],"replies":[{"embeddable":true,"href":"https:\/\/www.pcnen.com\/portal\/wp-json\/wp\/v2\/comments?post=271142"}],"version-history":[{"count":0,"href":"https:\/\/www.pcnen.com\/portal\/wp-json\/wp\/v2\/posts\/271142\/revisions"}],"wp:featuredmedia":[{"embeddable":true,"href":"https:\/\/www.pcnen.com\/portal\/wp-json\/wp\/v2\/media\/271143"}],"wp:attachment":[{"href":"https:\/\/www.pcnen.com\/portal\/wp-json\/wp\/v2\/media?parent=271142"}],"wp:term":[{"taxonomy":"category","embeddable":true,"href":"https:\/\/www.pcnen.com\/portal\/wp-json\/wp\/v2\/categories?post=271142"},{"taxonomy":"post_tag","embeddable":true,"href":"https:\/\/www.pcnen.com\/portal\/wp-json\/wp\/v2\/tags?post=271142"}],"curies":[{"name":"wp","href":"https:\/\/api.w.org\/{rel}","templated":true}]}}