{"id":271120,"date":"2019-08-07T07:42:12","date_gmt":"2019-08-07T05:42:12","guid":{"rendered":"http:\/\/www.pcnen.com\/portal\/?p=271120"},"modified":"2019-08-07T07:42:12","modified_gmt":"2019-08-07T05:42:12","slug":"religioloski-nepismena-kgk-ne-poznaje-ni-katekizamske-osnove","status":"publish","type":"post","link":"https:\/\/www.pcnen.com\/portal\/2019\/08\/07\/religioloski-nepismena-kgk-ne-poznaje-ni-katekizamske-osnove\/","title":{"rendered":"Religiolo\u0161ki nepismena KGK ne poznaje ni katekizamske osnove"},"content":{"rendered":"<p><strong><img loading=\"lazy\" decoding=\"async\" class=\"alignleft size-medium wp-image-139208\" src=\"http:\/\/www.pcnen.com\/portal\/wp-content\/uploads\/2014\/03\/drago_pilsel-300x221.jpg\" alt=\"\" width=\"300\" height=\"221\" \/>Autor: Drago Pilsel<\/strong><\/p>\n<p>Po\u0161to je valjda alkohol ispario iz \u017eila gospo\u0111e predsjednice, jer je bilo evidentno da se na kninskoj tvr\u0111avi slabo kontrolirala, da je malo plakala, a malo pjevala (vri\u0161tala zapravo), ne\u0161to poku\u0161avala kazati hrvatski, ne\u0161to engleski, da je govorila nebuloze i da joj se jezik zaplitao, te po\u0161to je pro\u0161la proslava Oluje, parada ki\u010da i pijanstva (Jelena Lovri\u0107, Nacional), mogu pretpostaviti da \u0107e netko ovo pro\u010ditati i uputiti Kolindu Grabar-Kitarovi\u0107 da se, dok se odmara i priprema za svetkovinu Velike Gospe, uhvati Katekizma Katoli\u010dke crkve i pro\u010dita sve ono \u0161to ne poznaje.<\/p>\n<p>A puno toga tvrdi da zna, ali nije savladala, od toga gdje je Hrvatska bila u doba hladnog rata, s koje strane \u201d\u017eeljezne zavjese\u201d, pa sve do toga gdje je \u201dro\u0111eno kr\u0161\u0107anstvo\u201d.<\/p>\n<p>Naime, prilikom nedavne posjete Izraelu KGK je pohodila i Nazaret, odnosno Baziliku Navje\u0161tenja. Vrijedi citirati \u0161to je predsjednica, dje\u010djim rukopisom koji bi svakako zaslu\u017eio osvrt psihologa i grafologa, a ne samo ovog teologa i novinara, upisala u knjizi dojmova: \u201dNa ovom svetom mjestu gdje je ro\u0111eno kr\u0161\u0107anstvo i gdje je an\u0111eo Gabrijel navijestio na\u0161oj voljenoj Gospi, Kraljici Hrvata, bezgrje\u0161no za\u010de\u0107e, osje\u0107am posebnu poniznost, zahvalnost za sve ovosvjetsko \u0161to nam je dao Gospodin Bog i nadu u zajedni\u0161tvo i svijetlu budu\u0107nost hrvatskog naroda. Majko Bo\u017eja, \u010duvaj nam Hrvatsku, \u010duvaj mi obitelj i zagovaraj sve nas kod Gospodina! Tvoja vjerna Kolinda (slijedi njen potpis, op. D.P.). Predsjednica Republike Hrvatske, 30. srpnja 2019.\u201d<\/p>\n<p>Ovdje vidimo puno problema. S jedne strane Kolinda Grabar-Kitarovi\u0107 inzistira da su njena vjera i duhovnost \u201dnjena privatna stvar\u201d, ali cijelo vrijeme o vlastitoj vjeri i duhovnosti, kao sada u Nazaretu, govori s pozicije \u0161efice dr\u017eave brkaju\u0107i ingerencije dr\u017eave, koju predstavlja, i Crkve, \u010dija je ona \u010dlanica po kr\u0161tenju. S druge strane evidentno demonstrira da je temeljito religiolo\u0161ki nepismena. Ka\u017ee da joj ne treba savjetnik za odnose s vjerskim zajednicama, \u0161to je oholost velika, jer ne poznaje ni osnove Katekizma Katoli\u010dke crkve.<\/p>\n<p>Pokazat \u0107u.<\/p>\n<p>U knjizi dojmova je napisala da je tu gdje se na\u0161la (Bazilika Navje\u0161tenja u Nazaretu) \u201dro\u0111eno kr\u0161\u0107anstvo\u201d.<\/p>\n<p>Neto\u010dno!<\/p>\n<p>U Nazaretu je za\u010det Marijin sin Isus. Ako se o trenutku ro\u0111enja kr\u0161\u0107anstva uop\u0107e mo\u017ee govoriti, premda znamo da je to bio proces u kojem je klju\u010dnu ulogu odigrao sveti Pavao, onda treba kazati kako slijedi: rano kr\u0161\u0107anstvo je nastalo kao vjerski pokret, odnosno sljedba unutar judaizma Drugog hrama.<\/p>\n<p>Nakon Isusove smrti njegovi sljedbenici \u2013 poznati kao nazarenci \u2013 tvrdili su da je on bio Mesija prorokovan u hebrejskim spisima. S vremenom je taj mali \u017eidovski vjerski pokret prerastao u kr\u0161\u0107ansku vjeru.<\/p>\n<p>Prvobitnu kr\u0161\u0107ansku crkvu (gr\u010d. eklezija = zajednica) formirali su nakon Isusove smrti njegovi u\u010denici i apostoli u Jeruzalemu na Dan pedesetnice silaskom Duha Svetoga na njih, Isusovu majku Mariju i druge. Ve\u0107 u drugoj polovini 1. stolje\u0107a, zahvaljuju\u0107i misijskoj i spisateljskoj djelatnosti apostola Pavla, kr\u0161\u0107anski pokret postaje prete\u017eno ne\u017eidovski. No to je vi\u0161a matematika za KGK.<\/p>\n<p>Prije\u0111imo na temeljitiju pogre\u0161ku koju je obznanila u spisu iz Nazareta. Ka\u017ee KGK da je u Nazaretu \u201dan\u0111eo Gabrijel navijestio na\u0161oj voljenoj Gospi, Kraljici Hrvata, bezgrje\u0161no za\u010de\u0107e\u2026\u201d. Eh sad, je li Gospa \u201dKraljica Hrvata\u201d, Poljaka ili Iraca, \u0160panjolaca, Talijana ili Meksikanaca, Filipinaca ili navija\u010da Boca Juniorsa, ne bi se \u0161tel me\u0161at\u2019. Ono \u0161to pouzdano znamo je da valja razlikovati \u201dBezgre\u0161no za\u010de\u0107e\u201d od \u201dNavje\u0161tenja Marijinog\u201d.<\/p>\n<p>KGK evidentno demonstrira da je temeljito religiolo\u0161ki nepismena osoba. Ona ka\u017ee da joj ne treba savjetnik za odnose s vjerskim zajednicama, \u0161to je oholost velika, jer ne poznaje ni osnove Katekizma Katoli\u010dke crkve<\/p>\n<p>Gospo\u0111o predsjednice, nije vam to jako te\u0161ko. Skoncentrirajte se par minuta i poku\u0161ajte zapamtiti.<\/p>\n<p>Bezgre\u0161no za\u010de\u0107e Bla\u017eene Djevice Marije katoli\u010dka je dogma koja tuma\u010di da je jedinstvenom Bo\u017ejom povlasticom Bla\u017eena Djevica Marija o\u010duvana od svake mrlje isto\u010dnoga grijeha od trenutka svoga za\u010de\u0107a. Tako\u0111er, ka\u017ee dogma, Marija je bila puna milosti dobivenih od Boga i \u017eivjela je \u017eivot posve bez grijeha.<\/p>\n<p>Prema dogmi, Marija je za\u010deta na normalni biolo\u0161ki na\u010din, ali izuzeta od grijeha. Blagdan Bezgre\u0161nog za\u010de\u0107a Bla\u017eene Djevice Marije slavi se 8. prosinca. Utemeljio ga je papa Siksto IV. 1476. g., ali je dogmu sve\u010dano proglasio papa Pio IX. u apostolskom pismu Ineffabilis Deus, 8. prosinca 1854. g.<\/p>\n<p>Katoli\u010dka Crkva vjeruje da dogma ima potporu u Bibliji. Arkan\u0111eo Gabrijel (kod navje\u0161tenja) nazvao je Mariju \u201cpunom milosti\u201d, a crkveni oci nazivali su je \u2013 Bla\u017eenom Djevicom. Prema patristici, pa zatim i prema katoli\u010dkoj, pravoslavnoj i drugoj teologiji, Marija je morala biti posve bez grijeha da bi mogla za\u010deti Isusa po Duhu Svetom.<\/p>\n<p>Dakle, teologija, zna\u010di crkveni nauk (patristika, koncili, katekizam, itd.) tuma\u010de da na Mariju nije pre\u0161ao isto\u010dni, praroditeljski grijeh. Bog ju je od \u201disto\u010dnog grijeha\u201d sa\u010duvao ve\u0107 u krilu njezine majke Ane i to zato \u0161to je nju (Mariju) tako unaprijed odabrao da bude majka Isusa Krista.<\/p>\n<p>Sve to gospo\u0111a predsjednica mo\u017ee provjeriti u Katekizmu (ja koristim prvo izdanje Hrvatske biskupske konferencije od 1994. s prijevodom i slogom Glasa Koncila gdje, by the way, stoji \u201dbezgre\u0161no za\u010de\u0107e\u201d, kako je preporu\u010deno re\u0107i, a ne \u201dbezgrije\u0161no za\u010de\u0107e\u201d kako govore Josip Bozani\u0107 i KGK) od \u010dlanka 484. do \u010dlanka 511.<\/p>\n<p>\u0160to se pak odigralo u Nazaretu u Bazilici Navje\u0161tenja?<\/p>\n<p>Posla Bog an\u0111ela Gabriela u galilejski grad imenom Nazaret k djevici zaru\u010denoj s mu\u017eem koji se zvao Josip iz doma Davidova; a djevica se zvala Marija. An\u0111eo u\u0111e k njoj i re\u010de: \u201dZdravo, milosti puna! Gospodin s tobom!\u201d Na tu se rije\u010d ona smete i stade razmi\u0161ljati kakav bi to bio pozdrav. No an\u0111eo joj re\u010de: \u201dNe boj se, Marijo! Ta na\u0161la si milost u Boga. Evo, za\u010det \u0107e\u0161 i roditi sina i nadjenut \u0107e\u0161 mu ime Isus. On \u0107e biti velik i zvat \u0107e se Sin Svevi\u0161njega. Njemu \u0107e Gospodin Bog dati prijestolje Davida, oca njegova, i kraljevat \u0107e nad domom Jakovljevim uvijeke i njegovu kraljevstvu ne\u0107e biti kraja\u201d.<\/p>\n<p>Nato \u0107e Marija an\u0111elu: \u201dKako \u0107e to biti kad ja mu\u017ea ne poznajem?\u201d An\u0111eo joj odgovori: \u201dDuh Sveti si\u0107i \u0107e na te i sila \u0107e te Svevi\u0161njega osjeniti. Zato \u0107e to \u010dedo i biti sveto, Sin Bo\u017eji. A evo tvoje ro\u0111akinje Elizabete: i ona u starosti svojoj za\u010de sina. I njoj, nerotkinjom prozvanoj, ovo je ve\u0107 \u0161esti mjesec. Ta Bogu ni\u0161ta nije nemogu\u0107e!\u201d Nato Marija re\u010de: \u201dEvo slu\u017ebenice Gospodnje, neka mi bude po tvojoj rije\u010di!\u201d I an\u0111eo oti\u0111e od nje (Lk 1,26-38).<\/p>\n<p>Svetkovina Navje\u0161tenja Gospodinova ili Blagovijest pak redovito se slavi 25. o\u017eujka, devet mjeseci prije Bo\u017ei\u0107a, te samim time ozna\u010dava da je rije\u010d o Isusovu za\u010de\u0107u (ne o Marijinom!), koje se zbilo po Duhu Svetomu. Kako je rije\u010d o blagdanu koji pada u korizmeno vrijeme, ponekad se dogodi da na taj nadnevak Crkva slavi neki drugi va\u017eniji dan, pa se zbog toga Navje\u0161tenje Gospodinovo prebacuje na prvi slobodan dan.<\/p>\n<p>Eto, nisam \u017eelio ponuditi teolo\u0161ki traktat, nije mjesto za to, nije ovo ni forma. \u017delio sam ukazati gospo\u0111i predsjednici da bi bilo vrijeme da se prestane sramotiti, kada ve\u0107 paradira kao velika katolkinja, i da zaista, premda ve\u0107 u ozbiljnim godinama, nau\u010di osnove katekizma, a to valja kazati i mnogim kr\u0161\u0107anima koji misle da znaju, a ne znaju.<\/p>\n<p>Budimo po\u0161teni, mnogi vjernici sadr\u017eajno ne razlikuju ili krivo govore, pa brkaju svetkovinu Bezgre\u0161nog za\u010de\u0107a (8. prosinca, odnosno devet mjeseci prije blagdana Ro\u0111enja Bla\u017eene Djevice Marije ili Male Gospe, 8. rujna) s blagdanom, svetkovinom Blagovijesti (25. o\u017eujka).<\/p>\n<p>Ali, ako ve\u0107 misli da u poslove predsjednice Republike Hrvatske spada i evangelizacija, neka Kolinda Grabar-Kitarovi\u0107 ne zaboravi nakanu svetog Ivana Pavla II. kada je odobrio Katekizam: \u010duvati polog vjere tako da svjetlo vjere \u201doslobodi ljude od neznanja\u201d (Apostolska konstitucija Fidei depositum, 11. listopada 1992., na 30. godi\u0161njicu otvorenja Drugog vatikanskog sabora).<\/p>\n<p><a href=\"https:\/\/www.autograf.hr\/religioloski-nepismena-kgk-ne-poznaje-ni-katekizamske-osnove\/\">Autograf<\/a><\/p>\n","protected":false},"excerpt":{"rendered":"<p>Ako ve\u0107 misli da u poslove predsjednice Republike Hrvatske spada i evangelizacija, neka Kolinda Grabar-Kitarovi\u0107 ne zaboravi nakanu svetog Ivana Pavla II. kada je odobrio Katekizam: \u010duvati polog vjere tako da svjetlo vjere \u201doslobodi ljude od neznanja\u201d<\/p>\n","protected":false},"author":1,"featured_media":0,"comment_status":"open","ping_status":"closed","sticky":false,"template":"","format":"standard","meta":{"_seopress_robots_primary_cat":"","_seopress_titles_title":"","_seopress_titles_desc":"","_seopress_robots_index":"","_et_pb_use_builder":"","_et_pb_old_content":"","_et_gb_content_width":"","inline_featured_image":false,"footnotes":""},"categories":[5],"tags":[],"class_list":["post-271120","post","type-post","status-publish","format-standard","hentry","category-drugi-pisu"],"_links":{"self":[{"href":"https:\/\/www.pcnen.com\/portal\/wp-json\/wp\/v2\/posts\/271120","targetHints":{"allow":["GET"]}}],"collection":[{"href":"https:\/\/www.pcnen.com\/portal\/wp-json\/wp\/v2\/posts"}],"about":[{"href":"https:\/\/www.pcnen.com\/portal\/wp-json\/wp\/v2\/types\/post"}],"author":[{"embeddable":true,"href":"https:\/\/www.pcnen.com\/portal\/wp-json\/wp\/v2\/users\/1"}],"replies":[{"embeddable":true,"href":"https:\/\/www.pcnen.com\/portal\/wp-json\/wp\/v2\/comments?post=271120"}],"version-history":[{"count":0,"href":"https:\/\/www.pcnen.com\/portal\/wp-json\/wp\/v2\/posts\/271120\/revisions"}],"wp:attachment":[{"href":"https:\/\/www.pcnen.com\/portal\/wp-json\/wp\/v2\/media?parent=271120"}],"wp:term":[{"taxonomy":"category","embeddable":true,"href":"https:\/\/www.pcnen.com\/portal\/wp-json\/wp\/v2\/categories?post=271120"},{"taxonomy":"post_tag","embeddable":true,"href":"https:\/\/www.pcnen.com\/portal\/wp-json\/wp\/v2\/tags?post=271120"}],"curies":[{"name":"wp","href":"https:\/\/api.w.org\/{rel}","templated":true}]}}