{"id":271105,"date":"2019-08-06T16:24:06","date_gmt":"2019-08-06T14:24:06","guid":{"rendered":"http:\/\/www.pcnen.com\/portal\/?p=271105"},"modified":"2019-08-06T16:30:10","modified_gmt":"2019-08-06T14:30:10","slug":"fronteks-suocen-sa-optuzbama-za-krsenje-ljudskih-prava","status":"publish","type":"post","link":"https:\/\/www.pcnen.com\/portal\/2019\/08\/06\/fronteks-suocen-sa-optuzbama-za-krsenje-ljudskih-prava\/","title":{"rendered":"Fronteks suo\u010den sa optu\u017ebama za kr\u0161enje ljudskih prava"},"content":{"rendered":"<p><img loading=\"lazy\" decoding=\"async\" class=\"alignleft size-full wp-image-182464\" src=\"http:\/\/www.pcnen.com\/portal\/wp-content\/uploads\/2015\/06\/Frontex_Logo.jpg\" alt=\"\" width=\"176\" height=\"133\" \/>Evropska agencija za grani\u010dnu i obalsku stra\u017eu Fronteks (Frontex) suo\u010dila se sa ozbiljnim optu\u017ebama da su njeni pripadnici tolerisali, pa \u010dak i sami u\u010destvovali u zlostavljanju migranata na spoljnim granicama EU.<\/p>\n<p>Prema tim optu\u017ebama, Fronteks je u pojedinim zemljama okretao glavu od nezakonitog pona\u0161anja njihovih grani\u010dnih slu\u017ebi prema izbjeglicama, a i sam je kr\u0161io ljudska prava migranata prilikom prisilnih deportacija.<\/p>\n<p>Njema\u010dka javna televizija ARD, britanski dnevnik Gardijan (Guardian) i neprofitni istra\u017eiva\u010dki sajt Korektiv (Correctiv) do\u0161li su do internih dokumenata koji pokazuju da su slu\u017ebenici Fronteksa tolerisali da lokalne policije zemalja na spoljnim granicama EU, a posebno Ma\u0111arske, Bugarske i Gr\u010dke, na migrante hu\u0161kaju pse i koristi biber sprej i pendreke<a href=\"https:\/\/www.euractiv.rs\/ljudska-prava\/14048-fronteks-suoen-sa-ozbiljnim-optubama-za-krenje-ljudskih-prava\">, pi\u0161e euractiv.rs.<\/a><\/p>\n<p>Prema dokumentima do kojih su ti mediji do\u0161li u zajedni\u010dkoj istrazi, a koji uklju\u010duju izvje\u0161taje Fronteksovog povjerenika za ljudska prava, grani\u010dne policije tih zemalja koristile su silu i prijetnje kako bi migrante ponovo otjerale sa teritorije EU, kr\u0161e\u0107i tako njihovo osnovno pravo da zatra\u017ee azil.<\/p>\n<p>U izvje\u0161tajima su navedeni i primjeri deportacije avionima maloljetnika bez pratnje roditelja, kao i slu\u010dajevi da su izbjeglicana tokom deportacije davani ljekovi za umirenje, suprotno me\u0111unarodnim pravilima.<\/p>\n<p>Istraga pokazuje da su u pojedinim internim izvje\u0161tajima Fronteksa neke situacije opisane kao &#8220;pretjerana upotreba sile&#8221; i &#8220;zlostavljanje izbjeglica&#8221;, ali i da ti izvje\u0161taji na kraju \u010desto nose oznaku &#8220;slu\u010daj zatvoren&#8221;.<\/p>\n<p>\u0160ef savjetodavnog odbora Fronteksa \u0160tefan Kesler izjavio je da ta agencija mo\u017ee da povu\u010de svoje osoblje iz zemalja na spoljnim granicama EU, i da ako to ne u\u010dini i sama postaje sau\u010desnik u eventualnim protivzakonitim radnjama.<\/p>\n<p>Istovremeno, Fronteks je, na pitanje agencije Frans pres, odgovorio da &#8220;do sada nije podignuta nijedna \u017ealba&#8221; protiv nekog njegovog slu\u017ebenika. Fronteks je dodao da \u0107e, &#8220;\u010dim bude obavije\u0161ten o nekom incidentu, stupiti u akciju&#8221;.<\/p>\n","protected":false},"excerpt":{"rendered":"<p>Evropska agencija za grani\u010dnu i obalsku stra\u017eu Fronteks (Frontex) suo\u010dila se sa ozbiljnim optu\u017ebama da su njeni pripadnici tolerisali, pa \u010dak i sami u\u010destvovali u zlostavljanju migranata na spoljnim granicama EU. Prema tim optu\u017ebama, Fronteks je u pojedinim zemljama okretao glavu od nezakonitog pona\u0161anja njihovih grani\u010dnih slu\u017ebi prema izbjeglicama, a i sam je kr\u0161io ljudska [&hellip;]<\/p>\n","protected":false},"author":1,"featured_media":0,"comment_status":"open","ping_status":"closed","sticky":false,"template":"","format":"standard","meta":{"_seopress_robots_primary_cat":"","_seopress_titles_title":"","_seopress_titles_desc":"","_seopress_robots_index":"","_et_pb_use_builder":"","_et_pb_old_content":"","_et_gb_content_width":"","inline_featured_image":false,"footnotes":""},"categories":[14,12],"tags":[],"class_list":["post-271105","post","type-post","status-publish","format-standard","hentry","category-vijesti","category-prica-dana"],"_links":{"self":[{"href":"https:\/\/www.pcnen.com\/portal\/wp-json\/wp\/v2\/posts\/271105","targetHints":{"allow":["GET"]}}],"collection":[{"href":"https:\/\/www.pcnen.com\/portal\/wp-json\/wp\/v2\/posts"}],"about":[{"href":"https:\/\/www.pcnen.com\/portal\/wp-json\/wp\/v2\/types\/post"}],"author":[{"embeddable":true,"href":"https:\/\/www.pcnen.com\/portal\/wp-json\/wp\/v2\/users\/1"}],"replies":[{"embeddable":true,"href":"https:\/\/www.pcnen.com\/portal\/wp-json\/wp\/v2\/comments?post=271105"}],"version-history":[{"count":0,"href":"https:\/\/www.pcnen.com\/portal\/wp-json\/wp\/v2\/posts\/271105\/revisions"}],"wp:attachment":[{"href":"https:\/\/www.pcnen.com\/portal\/wp-json\/wp\/v2\/media?parent=271105"}],"wp:term":[{"taxonomy":"category","embeddable":true,"href":"https:\/\/www.pcnen.com\/portal\/wp-json\/wp\/v2\/categories?post=271105"},{"taxonomy":"post_tag","embeddable":true,"href":"https:\/\/www.pcnen.com\/portal\/wp-json\/wp\/v2\/tags?post=271105"}],"curies":[{"name":"wp","href":"https:\/\/api.w.org\/{rel}","templated":true}]}}