{"id":271099,"date":"2019-08-06T13:42:50","date_gmt":"2019-08-06T11:42:50","guid":{"rendered":"http:\/\/www.pcnen.com\/portal\/?p=271099"},"modified":"2019-08-06T18:26:00","modified_gmt":"2019-08-06T16:26:00","slug":"epcg-da-plati-354-650-eura-zbog-ekoloskog-incidenta","status":"publish","type":"post","link":"https:\/\/www.pcnen.com\/portal\/2019\/08\/06\/epcg-da-plati-354-650-eura-zbog-ekoloskog-incidenta\/","title":{"rendered":"EPCG da plati 354.650 eura zbog ekolo\u0161kog incidenta"},"content":{"rendered":"<div id=\"attachment_57526\" style=\"width: 310px\" class=\"wp-caption alignleft\"><img loading=\"lazy\" decoding=\"async\" aria-describedby=\"caption-attachment-57526\" class=\"size-full wp-image-57526\" src=\"http:\/\/www.pcnen.com\/portal\/wp-content\/uploads\/2011\/08\/Mrtve-ribe-e1542972156401.jpg\" alt=\"\" width=\"300\" height=\"268\" \/><p id=\"caption-attachment-57526\" class=\"wp-caption-text\">ilustracija<\/p><\/div>\n<p>Termoelektrana (TE) Pljevlja je <a href=\"http:\/\/www.pcnen.com\/portal\/2019\/07\/05\/pomor-ribe-u-cehotini\/\">ispu\u0161tanjem otpadnih voda,<\/a> usljed \u010dega je do\u0161lo do pomora ribe u rijeci Vezi\u0161nici i \u0106ehotini, izazvala \u0161tetu od 354,65 hiljada eura, navodi se u izvje\u0161taju Komisije za utvr\u0111ivanje i naknadu \u0161tete.<\/p>\n<p>U izvje\u0161taju Komisije, koju je formiralo Ministarstvo poljoprivrede i ruralnog razvoja, navodi se da je ukupna \u0161teta po osnovu uginu\u0107a ribljeg fonda 289,65 hiljada eura, prenosi portal Vijesti.<\/p>\n<p>\u201cOvome treba dodati i prera\u010dunatu indirektnu \u0161tetu za naredni period od pet godina koja iznosi 65 hiljada eura\u201d, dodaju se u izvje\u0161taju, prenosi Mina.<\/p>\n<p>Navodi se da je zbog ispu\u0161tanja otpadnih voda uginulo 420 kilograma \u0161kobalja vrijednosti 29,4 hiljade eura, 2,6 hiljada kilograma pastrmke vrijednosti vi\u0161e od 260 hiljada eura.<\/p>\n<p>Izvje\u0161taj su potpisali poljoprivredni inspektor Ministarstva poljoprivrede i ruralnog razvoja Mile \u010camd\u017ei\u0107, vanredni profesor na Prirodno-matemati\u010dkom fakultetu, odsijek za Biologiju Danilo Mrdak i predsjednik Sportsko ribolovnog kluba &#8220;Lipljen&#8221; Vaso Kne\u017eevi\u0107.<\/p>\n","protected":false},"excerpt":{"rendered":"<p>Termoelektrana (TE) Pljevlja je ispu\u0161tanjem otpadnih voda, usljed \u010dega je do\u0161lo do pomora ribe u rijeci Vezi\u0161nici i \u0106ehotini, izazvala \u0161tetu od 354,65 hiljada eura, navodi se u izvje\u0161taju Komisije za utvr\u0111ivanje i naknadu \u0161tete. U izvje\u0161taju Komisije, koju je formiralo Ministarstvo poljoprivrede i ruralnog razvoja, navodi se da je ukupna \u0161teta po osnovu uginu\u0107a [&hellip;]<\/p>\n","protected":false},"author":1,"featured_media":0,"comment_status":"open","ping_status":"closed","sticky":false,"template":"","format":"standard","meta":{"_seopress_robots_primary_cat":"","_seopress_titles_title":"","_seopress_titles_desc":"","_seopress_robots_index":"","_et_pb_use_builder":"","_et_pb_old_content":"","_et_gb_content_width":"","inline_featured_image":false,"footnotes":""},"categories":[14,12],"tags":[],"class_list":["post-271099","post","type-post","status-publish","format-standard","hentry","category-vijesti","category-prica-dana"],"_links":{"self":[{"href":"https:\/\/www.pcnen.com\/portal\/wp-json\/wp\/v2\/posts\/271099","targetHints":{"allow":["GET"]}}],"collection":[{"href":"https:\/\/www.pcnen.com\/portal\/wp-json\/wp\/v2\/posts"}],"about":[{"href":"https:\/\/www.pcnen.com\/portal\/wp-json\/wp\/v2\/types\/post"}],"author":[{"embeddable":true,"href":"https:\/\/www.pcnen.com\/portal\/wp-json\/wp\/v2\/users\/1"}],"replies":[{"embeddable":true,"href":"https:\/\/www.pcnen.com\/portal\/wp-json\/wp\/v2\/comments?post=271099"}],"version-history":[{"count":0,"href":"https:\/\/www.pcnen.com\/portal\/wp-json\/wp\/v2\/posts\/271099\/revisions"}],"wp:attachment":[{"href":"https:\/\/www.pcnen.com\/portal\/wp-json\/wp\/v2\/media?parent=271099"}],"wp:term":[{"taxonomy":"category","embeddable":true,"href":"https:\/\/www.pcnen.com\/portal\/wp-json\/wp\/v2\/categories?post=271099"},{"taxonomy":"post_tag","embeddable":true,"href":"https:\/\/www.pcnen.com\/portal\/wp-json\/wp\/v2\/tags?post=271099"}],"curies":[{"name":"wp","href":"https:\/\/api.w.org\/{rel}","templated":true}]}}