{"id":271093,"date":"2019-08-06T11:23:28","date_gmt":"2019-08-06T09:23:28","guid":{"rendered":"http:\/\/www.pcnen.com\/portal\/?p=271093"},"modified":"2019-08-06T12:56:09","modified_gmt":"2019-08-06T10:56:09","slug":"svajcarski-gleceri-se-tope-brze-nego-ikada","status":"publish","type":"post","link":"https:\/\/www.pcnen.com\/portal\/2019\/08\/06\/svajcarski-gleceri-se-tope-brze-nego-ikada\/","title":{"rendered":"\u0160vajcarski gle\u010deri se tope br\u017ee nego ikada"},"content":{"rendered":"<p><img loading=\"lazy\" decoding=\"async\" class=\"size-large wp-image-233085 aligncenter\" src=\"http:\/\/www.pcnen.com\/portal\/wp-content\/uploads\/2017\/09\/alpi-450x300.jpg\" alt=\"\" width=\"450\" height=\"300\" \/><\/p>\n<p>Zbog rekordnih temperatura tokom ovog ljeta \u0161vajcarski gle\u010deri se tope rekordnom brzinom, upozorava dnevnik Blik.<\/p>\n<p>Stru\u010dnjak sa Univerziteta u Cirihu Matias Hus je rekao da je za 14 dana tokom toplog talasa u junu i julu zabilje\u017een gubitak od 0,8 milijardi tona leda i snijega, \u0161to ocjenjuje kao \u201eapsolutno neubi\u010dajeno\u201c.<\/p>\n<p>Toplotni talasi u junu i julu izazvali su veliko topljenje gle\u010dera, pa je tako na Roner gle\u010deru na Furkapasu ve\u0107 du\u017ee vrijeme pokriven led kako bi se usporilo topljenje.<\/p>\n<p>Tako\u0111e i na Titlis gle\u010deru vlasti su preduzele mjere predostro\u017enosti kako bi se sprije\u010dilo topljenje.<\/p>\n<p>Najve\u0107i gle\u010der u Alpima u \u0160vajcarskoj, Ale\u010djgle\u010der, se od 1870.smanjio za vi\u0161e od tri kilometara, a u poslednjim decenijama topljenje se ubrzalo.<\/p>\n<p>Hus je naveo da su jake sne\u017ene padavine pro\u0161le zime, u pore\u0111enju sa ranijim godinama, bile dobre za gle\u010dere, a da su dva toplotna talasa vratile stanje leda i snijega na prosje\u010dne vrijednosti proteklih deset godina, \u010dak i ne\u0161to ispod toga, prenosi Tanjug.<\/p>\n","protected":false},"excerpt":{"rendered":"<p>Zbog rekordnih temperatura tokom ovog ljeta \u0161vajcarski gle\u010deri se tope rekordnom brzinom, upozorava dnevnik Blik. Stru\u010dnjak sa Univerziteta u Cirihu Matias Hus je rekao da je za 14 dana tokom toplog talasa u junu i julu zabilje\u017een gubitak od 0,8 milijardi tona leda i snijega, \u0161to ocjenjuje kao \u201eapsolutno neubi\u010dajeno\u201c. Toplotni talasi u junu i [&hellip;]<\/p>\n","protected":false},"author":1,"featured_media":0,"comment_status":"open","ping_status":"closed","sticky":false,"template":"","format":"standard","meta":{"_seopress_robots_primary_cat":"","_seopress_titles_title":"","_seopress_titles_desc":"","_seopress_robots_index":"","_et_pb_use_builder":"","_et_pb_old_content":"","_et_gb_content_width":"","inline_featured_image":false,"footnotes":""},"categories":[14,12],"tags":[],"class_list":["post-271093","post","type-post","status-publish","format-standard","hentry","category-vijesti","category-prica-dana"],"_links":{"self":[{"href":"https:\/\/www.pcnen.com\/portal\/wp-json\/wp\/v2\/posts\/271093","targetHints":{"allow":["GET"]}}],"collection":[{"href":"https:\/\/www.pcnen.com\/portal\/wp-json\/wp\/v2\/posts"}],"about":[{"href":"https:\/\/www.pcnen.com\/portal\/wp-json\/wp\/v2\/types\/post"}],"author":[{"embeddable":true,"href":"https:\/\/www.pcnen.com\/portal\/wp-json\/wp\/v2\/users\/1"}],"replies":[{"embeddable":true,"href":"https:\/\/www.pcnen.com\/portal\/wp-json\/wp\/v2\/comments?post=271093"}],"version-history":[{"count":0,"href":"https:\/\/www.pcnen.com\/portal\/wp-json\/wp\/v2\/posts\/271093\/revisions"}],"wp:attachment":[{"href":"https:\/\/www.pcnen.com\/portal\/wp-json\/wp\/v2\/media?parent=271093"}],"wp:term":[{"taxonomy":"category","embeddable":true,"href":"https:\/\/www.pcnen.com\/portal\/wp-json\/wp\/v2\/categories?post=271093"},{"taxonomy":"post_tag","embeddable":true,"href":"https:\/\/www.pcnen.com\/portal\/wp-json\/wp\/v2\/tags?post=271093"}],"curies":[{"name":"wp","href":"https:\/\/api.w.org\/{rel}","templated":true}]}}