{"id":271030,"date":"2019-08-05T06:00:15","date_gmt":"2019-08-05T04:00:15","guid":{"rendered":"http:\/\/www.pcnen.com\/portal\/?p=271030"},"modified":"2019-08-05T07:04:15","modified_gmt":"2019-08-05T05:04:15","slug":"lazi-i-vesti","status":"publish","type":"post","link":"https:\/\/www.pcnen.com\/portal\/2019\/08\/05\/lazi-i-vesti\/","title":{"rendered":"La\u017ei i vesti"},"content":{"rendered":"<p><strong>Pi\u0161e: Aleksej Ki\u0161juhas<\/strong><\/p>\n<p><img loading=\"lazy\" decoding=\"async\" class=\"wp-image-184530 alignright\" src=\"http:\/\/www.pcnen.com\/portal\/wp-content\/uploads\/2015\/07\/Aleksej_Kisjuhas-450x335.jpg\" alt=\"\" width=\"340\" height=\"253\" \/>Nije re\u010d o de\u017eurnim braniteljima i za\u0161titarima srpskog jezika od vaskolikih anglicizama i mrske latinice. Ve\u0107 o \u010dinjenici da, u vezi sa medijima, jezik koji koristimo sve \u010de\u0161\u0107e bri\u0161e razliku izme\u0111u \u2013 \u010dinjenica i izmi\u0161ljotina, te istine i la\u017ei. Re\u010d godine za 2016, prema Oksfordskom re\u010dniku engleskog jezika, bila je \u201epost-istina\u201c.<\/p>\n<p>I, ovaj ugledni re\u010dnik \u201epost-istinitost\u201c defini\u0161e kao \u201eokolnosti u kojima objektivne \u010dinjenice manje uti\u010du na oblikovanje javnog mnjenja od emocija i li\u010dnih verovanja\u201c. Sli\u010dni eufemizmi su: \u201epoluistina\u201c, \u201eneistina\u201c, \u201ealternativna istina\u201c, \u201ekontraznanje\u201c, \u201edezinformisanje\u201c, \u201etabloidno izve\u0161tavanje\u201c, \u201eekstremno stanovi\u0161te\u201c, \u201egrani\u010dne teorije\u201c, \u201eteorije zavere\u201c i, mo\u017eda najpopularnije, \u201ela\u017ene vesti\u201c ili \u201efejk njuz\u201c.<\/p>\n<p>Me\u0111utim, kako u svom vodi\u010du za kriti\u010dko mi\u0161ljenje isti\u010de kognitivni psiholog i neuronau\u010dnik Danijel Levitin, neophodno je da se vratimo upotrebi starih, dobrih re\u010di kao \u0161to su \u2013 \u201eistina\u201c i \u201ela\u017e\u201c. I da odbacimo opasnu ideju prema kojoj istina vi\u0161e ne postoji i vi\u0161e nije va\u017ena.<\/p>\n<p>Za\u0161to opasnu? Pa, na primer, jer se nekoliko dana pre ameri\u010dkih predsedni\u010dkih izbora 2016. godine pojavila (i postala \u201eviralna\u201c) \u201ela\u017ena vest\u201c i \u201eteorija zavere\u201c da su Hilari Klinton i visoki zvani\u010dnici Demokratske stranke uklju\u010deni u pedofilsku mre\u017eu prostitucije i trgovine ljudima. I da rukovode ovom kriminalnom operacijom iz nekoliko restorana u Va\u0161ingtonu, uklju\u010duju\u0107i tu i nekakvu piceriju \u201eKometa Ping Pong\u201c. Zvu\u010di \u0161a\u0161avo?<\/p>\n<p>Kako za koga. Vlasnici i zaposleni u tom restoranu mesecima su bili maltretirani i zlostavljani, da bi 4. decembra 2016., u ovu piceriju sa poluautomatskom pu\u0161kom pristigao izvesni 28-godi\u0161nji Edgar Vel\u010d, nakon \u0161to je vozio 560 km iz svog doma\u0107instva u Severnoj Karolini. Videv\u0161i sebe kao \u201espasioca dece\u201c, ispalio je vi\u0161e metaka u zidove, \u0161ank i vrata restorana, a pukom sre\u0107om niko nije bio povre\u0111en. Policiji je rekao da je \u201esamo \u017eeleo da li\u010dno istra\u017ei navode iz medija\u201c. Bilo je to par dana nakon \u0161to je \u201epost-istina\u201c postala oksfordska Re\u010d godine. Teoreti\u010dari zavere su odmah naveli da je ceo slu\u010daj ovog naoru\u017eanog napada zapravo bio \u201einsceniran\u201c kako bi se diskreditovala i prikrila \u201eprava istina\u201c o politi\u010darima koji, naravno, trguju maloletnom decom po va\u0161ingtonskim picerijama.<\/p>\n<p>Ali ne moramo ni i\u0107i preko bare. Pre samo desetak dana, re\u017eimski \u201eSrpski Telegraf\u201c je na naslovnoj strani objavio \u201ela\u017enu vest\u201c da novinari KRIK-a, Mre\u017ee za istra\u017eivanje kriminala i korupcije, \u201e(japanski!) prate\u201c, \u201esnimaju\u201c, \u201espopadaju\u201c, \u201epresre\u0107u\u201c, \u201ezastra\u0161uju\u201c i \u201eprepadaju\u201c majke i njihove \u0161estomese\u010dne bebe na ulici. Potpuno la\u017eno, prevarno i izmi\u0161ljeno. A pre par godina je urednik KRIK-a bio optu\u017een da \u201edobija informacije od narko-dilera\u201c i da je \u201esado-mazo francuski \u0161pijun\u201c. Da li zaista treba da sa\u010dekamo nekog ovda\u0161njeg Edgara Vel\u010da koji \u0107e sa kala\u0161njikovim iz rata posetiti redakciju KRIK-a, da i on \u201eli\u010dno istra\u017ei\u201c navode iz medija o tome da njihovi novinari spopadaju sirote bebe, kada sadomazohisti\u010dki ne \u0161pijuniraju za Francuze?<\/p>\n<p>Ovaj najnoviji slu\u010daj samo je kap u okeanu septi\u010dke jame ovakvih i sli\u010dnih \u201ela\u017enih vesti\u201c u koje smo uronjeni preko nosa i svake mere i razuma. Ukoliko pro\u010da\u010dkamo arhive portala kao \u0161to su \u201eIstinomer\u201c, \u201eCenzolovka\u201c, \u201eRaskrinkavanje\u201c, \u201eFakeNews Traga\u010d\u201c i sli\u010dnih, vide\u0107emo antologijske hrpetine i hektolitre manipulacija, dezinformacija i otvorenih la\u017ei koje se sipaju pred javnost i konzumente medija u Srbiji.<\/p>\n<p>Prema ovim \u201enaoru\u017eanim la\u017eima\u201c u formi i celofanu vesti, lideri srbijanske opozicije, lideri zemalja iz susedstva, i lideri zemalja Zapada \u2013 ponekad ponaosob, a ponekad i svi zajedno \u2013 \u201eguraju Srbiju u rat\u201c, \u201eslamaju ki\u010dmu Srbiji\u201c, \u201evode specijalni rat\u201c, \u201eizazivaju haos u Srbiji\u201c, \u201ezapo\u010dinju ofanzivu\u201c, \u201e\u0161alju vojsku\u201c, \u201esrljaju u rat\u201c, \u201euni\u0161tavaju Srbe\u201c, \u201erazbijaju Srbiju\u201c, \u201eru\u0161e Srbiju\u201c, \u201elove glave\u201c, \u201espremaju pokolj\u201c, \u201eprete ratom\u201c, \u201epripremaju rat\u201c i \u201epakuju rat\u201c.<\/p>\n<p>Sjajni doktoranti Filozofskog fakulteta u Novom Sadu, Stefan Janji\u0107 i Stefani \u0160ovanec, u jednom nau\u010dnom radu analizirali su \u010dak 265 najava ratova i sukoba na naslovnim stranama \u201eInformera\u201c i \u201eSrpskog telegrafa\u201c u periodu od godinu dana (2016-2017). Dakle, bio je to bukvalno po jedan rat na naslovnici svakog drugog ili tre\u0107eg dana u navedenim pseudomedijima. Da li su i ovi ratnohu\u0161ka\u010dki i psiholo\u0161ko-propagandni kompleti tek \u201ela\u017ene vesti\u201c ili mo\u017eda \u2013 la\u017ei?<\/p>\n<p>Jer, epitet \u201ela\u017ene\u201c ili \u201efejk\u201c vesti zvu\u010di nekako naivno i benigno, i gotovo razigrano i veselo. Kao kada se dete u osnovnoj \u0161koli pretvara ili \u201efejkuje\u201c da je bolesno kako bi sutra izbeglo kontrolni ili pismeni zadatak. Ali, nema ni\u010deg naivnog u otvorenim najavama rata i optu\u017ebama za veleizdaje na \u0161tampanoj tvari koja se poput novina prodaje na kiosku.<\/p>\n<p>Dok re\u010d \u201eteorija\u201c (u frazama \u201egrani\u010dne teorije\u201c ili \u201eteorije zavere\u201c) zvu\u010di nau\u010dno i ozbiljno, prikrivaju\u0107i da je u pitanju golo lupetanje i nago laprdanje. Jer \u201eteorija\u201c nije nekakva mogu\u0107a, nedovoljno proverena, te potencijalna ideja ili pretpostavka (ovo se u nauci zove \u201ehipoteza\u201c), ve\u0107 nau\u010dna zamisao koja se zasniva na pa\u017eljivoj, nepristrasnoj i rigoroznoj analizi \u010dinjenica i dokaza. Svi ovi eufemizmi na koje smo odjednom pristali (ne)ve\u0161to skrivaju \u010dinjenicu da su u pitanju otvorene la\u017ei, raspojasane i gole poput Nemica i Nemaca po istarskim nudisti\u010dkim pla\u017eama.<\/p>\n<p>Uzgred, stvarni mediji su istra\u017eiva\u010dki ispitali i odakle dolazi spomenuta la\u017e o Hilari Klinton koja preko picerije u Va\u0161ingtonu prodaje decu u seksualno roblje. Bi\u0107e da se mnoge ovakve i sli\u010dne izmi\u0161ljotine mahom kreiraju u \u2013 Velesu u Severnoj Makedoniji. \u201eGardijan\u201c je razotkrio preko stotinu \u201efejk njuz\u201c domena iz ovog makedonskog gradi\u0107a, a u kojem mnogi ma\u0161toviti tinejd\u017eeri sa vi\u0161kom slobodnog vremena preko Fejsbuka guraju te izmi\u0161ljene pri\u010de kako bi zaradili koji inostrani dolar od reklamnih klikova. Treba li da podsetimo da je Veles nekada sa ponosom nosio ime Josipa Broza Tita?<\/p>\n<p>Pa nakon \u0161to smo iz istog naziva postjugoslovenski obrisali \u201eTita\u201c, omladina bez boljih ekonomskih prilika, za sitan novac izmi\u0161lja opasne la\u017ei. Dakle, u pitanju je industrijska proizvodnja la\u017ei u gradu koji je, hvala plja\u010dka\u0161koj privatizaciji i balkanskom kapitalizmu, ostao bez industrijske proizvodnje. Da li da onda krivimo ovu kreativnu makedonsku decu za pucnjavu u nekoj va\u0161ingtonskoj piceriji? Ili treba da krivimo Fejsbuk i ostale internete koji takve la\u017ene vesti dopu\u0161taju i dobro pla\u0107aju? Ili mo\u017eda politi\u010dke, obrazovne i dru\u0161tvene sisteme koji neguju lakoverne gra\u0111ane i ljude koji bez trunke kriti\u010dkog mi\u0161ljenja klik\u0107u i veruju internetima na kojima koje\u0161ta pi\u0161e?<\/p>\n<p>I sad, prostitucija dece preko picerije \u201eKometa Ping Pong\u201c mo\u017eda jeste beslovesna \u201ela\u017ena vest\u201c po meri onih nesre\u0107nih, zavera\u0161kih, paranoi\u010dnih kreatura sa aluminijumskim folijama na glavi koje ne bi da im vlasti i CIA \u201ekontroli\u0161u misli\u201c. Ali i puki amaterizam u pore\u0111enju sa kontinuiranim najavama rata, sukoba, pakla, haosa i bezumlja sa naslovnih strana koje vri\u0161te sa trafika i prodavnica u Srbiji. Iako, jo\u0161 uvek, bez prate\u0107e reakcije slu\u0111enih usamljenika koji su u te la\u017ei poverovali do mere da uzimaju pravdu u svoje ruke. I vatreno naoru\u017eano se obra\u010dunavaju sa doma\u0107im izdajnicima i zapadnim ambasadama jer ovi \u2013 pisalo je u novinama! \u2013 nastoje da uni\u0161te Srbiju i slome Srbe nekakvim \u201especijalnim\u201c ili redovnim ratom. Me\u0111utim, mnogo dublji i sistemski problem ove manufakture la\u017ei u Srbiji u tome je da se na taj na\u010din muljavi, razmazuje i bri\u0161e razlika izme\u0111u istine i la\u017ei.<\/p>\n<p>Sve je to zapravo poput \u201eEzopove\u201c pouke iz \u201eDe\u010daka koji je vikao vuk\u201c. Naime, ukoliko iz dana u dan \u201emediji\u201c najavljuju ratove na naslovnoj stranici, a smrtonosne vru\u0107ine na vremenskoj prognozi, i svi ipak kolektivno pre\u017eivimo sutra\u0161nji dan, tada mo\u017eda jesmo dobili \u017eivot, ali smo bili izgubili \u2013 poverenje u medije. I to je ona kvaka u kojoj je najve\u0107i problem: sistemska relativizacija bilo kog medija, novinara, informacije, vesti ili, pak, istine kao takve. Ovako se kolektivno otpisuju i svi oni malobrojno preostali vredni, marljivi, pa\u017eljivi i posve perverzni novinari koji, o jeresi, odgovorno, nepristrasno i objektivno rade svoj posao. Dok je, uzgred, i sam \u201eEzop\u201c svojevrsna \u201ela\u017ena vest\u201c. On verovatno nikada nije postojao, ne postoje njegovi pisani tekstovi, i ovoj \u201efejk\u201c \u201eosobi\u201c najverovatnije se la\u017eno pripisuju basne koje su napisale mnoge druge individue tokom vi\u0161e vekova. Hm, mo\u017eda su prokleti stari Grci zakuvali (i) tu dramu?<\/p>\n<p>Da li smo to mo\u017eda postali previ\u0161e pa\u017eljivi, oprezni i nekako takti\u010dni u na\u0161em odnosu prema la\u017eima? Kako bismo izbegli sukobe i neprijatne situacije, da se ne bismo tu sva\u0111ali i prepirali, da slu\u010dajno ne ispadne da smo protiv slobode medija i izra\u017eavanja itd., po\u010deli smo da koristimo eufemizme za ne\u0161to \u0161to je potpuno sumanuto, kvarno, pokvareno, prevarno, propagandno, la\u017eljivo i la\u017eno. Pri\u010da o novinaru KRIK-a koji presre\u0107e, spopada i maltretira bebe na ulici jeste la\u017e. I ljudi koji su napisali i objavili tu pri\u010du znali su da je u pitanju la\u017e. Kako vispreno svedo\u010di ranije spomenuti psiholog i neuronau\u010dnik Levitin, ne postoje \u201edve strane\u201c pri\u010de ukoliko je jedna od njih la\u017ena. Novinari, gra\u0111ani i javnost uop\u0161te moraju da prestanu da pridaju jednaku va\u017enost stvarima koje nemaju podjednaku utemeljenost na dokazima i na \u010dinjenicama. Svako, naravno, ima pravo na svoje mi\u0161ljenje. Ali nema svako pravo na svoje \u010dinjenice. A la\u017ei, po definiciji, predstavljaju negiranje \u010dinjenica i istine. Sasvim je mogu\u0107e je da pristojni ljudi ne \u017eele da nazovu \u201ela\u017ene vesti\u201c re\u010dima koje ih precizno i ta\u010dno opisuju \u2013 a to jesu \u201ela\u017ei\u201c \u2013 zato \u0161to takti\u010dno ne \u017eele da uvrede la\u017eove. Ali za\u0161to? La\u017eove i la\u017eljivce i te kako treba prozivati, raskrinkavati, pa i vre\u0111ati, zar ne? I nazvati pravim imenom.<\/p>\n<p><a href=\"https:\/\/www.danas.rs\/kolumna\/aleksej-kisjuhas\/lazi-i-vesti\/\">Danas<\/a><\/p>\n","protected":false},"excerpt":{"rendered":"<p>\u0160ta se to, do\u0111avola, dogodilo sa na\u0161im jezikom? Epitet \u201ela\u017ene\u201c ili \u201efejk\u201c vesti zvu\u010di nekako naivno i benigno, i gotovo razigrano i veselo<\/p>\n","protected":false},"author":1,"featured_media":0,"comment_status":"open","ping_status":"closed","sticky":false,"template":"","format":"standard","meta":{"_seopress_robots_primary_cat":"","_seopress_titles_title":"","_seopress_titles_desc":"","_seopress_robots_index":"","_et_pb_use_builder":"","_et_pb_old_content":"","_et_gb_content_width":"","inline_featured_image":false,"footnotes":""},"categories":[5],"tags":[],"class_list":["post-271030","post","type-post","status-publish","format-standard","hentry","category-drugi-pisu"],"_links":{"self":[{"href":"https:\/\/www.pcnen.com\/portal\/wp-json\/wp\/v2\/posts\/271030","targetHints":{"allow":["GET"]}}],"collection":[{"href":"https:\/\/www.pcnen.com\/portal\/wp-json\/wp\/v2\/posts"}],"about":[{"href":"https:\/\/www.pcnen.com\/portal\/wp-json\/wp\/v2\/types\/post"}],"author":[{"embeddable":true,"href":"https:\/\/www.pcnen.com\/portal\/wp-json\/wp\/v2\/users\/1"}],"replies":[{"embeddable":true,"href":"https:\/\/www.pcnen.com\/portal\/wp-json\/wp\/v2\/comments?post=271030"}],"version-history":[{"count":0,"href":"https:\/\/www.pcnen.com\/portal\/wp-json\/wp\/v2\/posts\/271030\/revisions"}],"wp:attachment":[{"href":"https:\/\/www.pcnen.com\/portal\/wp-json\/wp\/v2\/media?parent=271030"}],"wp:term":[{"taxonomy":"category","embeddable":true,"href":"https:\/\/www.pcnen.com\/portal\/wp-json\/wp\/v2\/categories?post=271030"},{"taxonomy":"post_tag","embeddable":true,"href":"https:\/\/www.pcnen.com\/portal\/wp-json\/wp\/v2\/tags?post=271030"}],"curies":[{"name":"wp","href":"https:\/\/api.w.org\/{rel}","templated":true}]}}