{"id":270970,"date":"2019-08-03T20:29:34","date_gmt":"2019-08-03T18:29:34","guid":{"rendered":"http:\/\/www.pcnen.com\/portal\/?p=270970"},"modified":"2019-08-03T20:32:34","modified_gmt":"2019-08-03T18:32:34","slug":"duzi-suncani-intervali-na-sjeveru-crne-gore","status":"publish","type":"post","link":"https:\/\/www.pcnen.com\/portal\/2019\/08\/03\/duzi-suncani-intervali-na-sjeveru-crne-gore\/","title":{"rendered":"Du\u017ei sun\u010dani intervali na sjeveru Crne Gore"},"content":{"rendered":"<p><img loading=\"lazy\" decoding=\"async\" class=\"size-large wp-image-270971 aligncenter\" src=\"http:\/\/www.pcnen.com\/portal\/wp-content\/uploads\/2019\/08\/Mrkaljice-Merulja-450x338.jpg\" alt=\"\" width=\"450\" height=\"338\" \/><br \/>\nNa jugu Crne Gore bi\u0107e prete\u017eno sun\u010dano ili malo do umjereno obla\u010dno, dok \u0107e na sjeveru zemlje biti du\u017eih sun\u010danih intervala i uglavnom padavina biti ne\u0107e.<\/p>\n<p>Vjetar sjeveroisto\u010dni bi\u0107e u jutarnjim i no\u0107nim satima ponegdje umjeren do poja\u010dan.<\/p>\n<p>Jutarnja temperatura vazduha bi\u0107e u rasponu od 9 do 22, a najvi\u0161a dnevna od 20 do 33 stepena.<\/p>\n<p>U Podgorici \u0107e biti prete\u017eno sun\u010dano, uz umjeren razvoj obla\u010dnosti. Promjenljiv vjetar bi\u0107e slab do umjeren. U jutarnjim i no\u0107nim satima sjeveroisto\u010dnjak \u0107e biti povremeno umjeren do poja\u010dan. Jutarnja temperatura vazduha bi\u0107e oko 20, a najvi\u0161a dnevna oko 33 stepena.<\/p>\n<p><a href=\"http:\/\/www.meteo.co.me\/misc.php?text=121&amp;sektor=1&amp;grad=ZAB\">Prognoza za stale gradove.<\/a><\/p>\n","protected":false},"excerpt":{"rendered":"<p>Jutarnja temperatura vazduha bi\u0107e u rasponu od 9 do 22, a najvi\u0161a dnevna od 20 do 33 stepena<\/p>\n","protected":false},"author":1,"featured_media":270971,"comment_status":"open","ping_status":"closed","sticky":false,"template":"","format":"standard","meta":{"_seopress_robots_primary_cat":"","_seopress_titles_title":"","_seopress_titles_desc":"","_seopress_robots_index":"","_et_pb_use_builder":"","_et_pb_old_content":"","_et_gb_content_width":"","inline_featured_image":false,"footnotes":""},"categories":[14,12],"tags":[],"class_list":["post-270970","post","type-post","status-publish","format-standard","has-post-thumbnail","hentry","category-vijesti","category-prica-dana"],"_links":{"self":[{"href":"https:\/\/www.pcnen.com\/portal\/wp-json\/wp\/v2\/posts\/270970","targetHints":{"allow":["GET"]}}],"collection":[{"href":"https:\/\/www.pcnen.com\/portal\/wp-json\/wp\/v2\/posts"}],"about":[{"href":"https:\/\/www.pcnen.com\/portal\/wp-json\/wp\/v2\/types\/post"}],"author":[{"embeddable":true,"href":"https:\/\/www.pcnen.com\/portal\/wp-json\/wp\/v2\/users\/1"}],"replies":[{"embeddable":true,"href":"https:\/\/www.pcnen.com\/portal\/wp-json\/wp\/v2\/comments?post=270970"}],"version-history":[{"count":0,"href":"https:\/\/www.pcnen.com\/portal\/wp-json\/wp\/v2\/posts\/270970\/revisions"}],"wp:featuredmedia":[{"embeddable":true,"href":"https:\/\/www.pcnen.com\/portal\/wp-json\/wp\/v2\/media\/270971"}],"wp:attachment":[{"href":"https:\/\/www.pcnen.com\/portal\/wp-json\/wp\/v2\/media?parent=270970"}],"wp:term":[{"taxonomy":"category","embeddable":true,"href":"https:\/\/www.pcnen.com\/portal\/wp-json\/wp\/v2\/categories?post=270970"},{"taxonomy":"post_tag","embeddable":true,"href":"https:\/\/www.pcnen.com\/portal\/wp-json\/wp\/v2\/tags?post=270970"}],"curies":[{"name":"wp","href":"https:\/\/api.w.org\/{rel}","templated":true}]}}