{"id":270891,"date":"2019-08-02T10:32:47","date_gmt":"2019-08-02T08:32:47","guid":{"rendered":"http:\/\/www.pcnen.com\/portal\/?p=270891"},"modified":"2019-08-02T10:32:47","modified_gmt":"2019-08-02T08:32:47","slug":"saudijke-ce-moci-u-inostranstvo-bez-tutora","status":"publish","type":"post","link":"https:\/\/www.pcnen.com\/portal\/2019\/08\/02\/saudijke-ce-moci-u-inostranstvo-bez-tutora\/","title":{"rendered":"Saudijke \u0107e mo\u0107i u inostranstvo bez \u2018tutora\u2019"},"content":{"rendered":"<p><img loading=\"lazy\" decoding=\"async\" class=\"size-medium wp-image-143819 alignright\" src=\"http:\/\/www.pcnen.com\/portal\/wp-content\/uploads\/2014\/04\/Saudijka-300x225.jpg\" alt=\"\" width=\"300\" height=\"225\" \/>Saudijskim \u017eenama ubud\u0107e \u0107e biti dozvoljeno da dobiju paso\u0161 i putuju u inostranstvo bez saglasnosti &#8220;tutora&#8221; mu\u0161kog pola, saop\u0161teno je u Rijadu, prenosi Beta.<\/p>\n<p>&#8220;Paso\u0161 c\u0301e biti izdat svakom saudijskom dr\u017eavljaninu koji ga zatra\u017ei&#8221;, objavili su mediji u ovoj monarhiji.<\/p>\n<p>Novo pravilo primenjivac\u0301e se na \u017eene kad napune 21 godinu.<\/p>\n","protected":false},"excerpt":{"rendered":"<p>Saudijskim \u017eenama ubud\u0107e \u0107e biti dozvoljeno da dobiju paso\u0161 i putuju u inostranstvo bez saglasnosti &#8220;tutora&#8221; mu\u0161kog pola, saop\u0161teno je u Rijadu, prenosi Beta. &#8220;Paso\u0161 c\u0301e biti izdat svakom saudijskom dr\u017eavljaninu koji ga zatra\u017ei&#8221;, objavili su mediji u ovoj monarhiji. Novo pravilo primenjivac\u0301e se na \u017eene kad napune 21 godinu.<\/p>\n","protected":false},"author":1,"featured_media":0,"comment_status":"open","ping_status":"closed","sticky":false,"template":"","format":"standard","meta":{"_seopress_robots_primary_cat":"","_seopress_titles_title":"","_seopress_titles_desc":"","_seopress_robots_index":"","_et_pb_use_builder":"","_et_pb_old_content":"","_et_gb_content_width":"","inline_featured_image":false,"footnotes":""},"categories":[14,12],"tags":[],"class_list":["post-270891","post","type-post","status-publish","format-standard","hentry","category-vijesti","category-prica-dana"],"_links":{"self":[{"href":"https:\/\/www.pcnen.com\/portal\/wp-json\/wp\/v2\/posts\/270891","targetHints":{"allow":["GET"]}}],"collection":[{"href":"https:\/\/www.pcnen.com\/portal\/wp-json\/wp\/v2\/posts"}],"about":[{"href":"https:\/\/www.pcnen.com\/portal\/wp-json\/wp\/v2\/types\/post"}],"author":[{"embeddable":true,"href":"https:\/\/www.pcnen.com\/portal\/wp-json\/wp\/v2\/users\/1"}],"replies":[{"embeddable":true,"href":"https:\/\/www.pcnen.com\/portal\/wp-json\/wp\/v2\/comments?post=270891"}],"version-history":[{"count":0,"href":"https:\/\/www.pcnen.com\/portal\/wp-json\/wp\/v2\/posts\/270891\/revisions"}],"wp:attachment":[{"href":"https:\/\/www.pcnen.com\/portal\/wp-json\/wp\/v2\/media?parent=270891"}],"wp:term":[{"taxonomy":"category","embeddable":true,"href":"https:\/\/www.pcnen.com\/portal\/wp-json\/wp\/v2\/categories?post=270891"},{"taxonomy":"post_tag","embeddable":true,"href":"https:\/\/www.pcnen.com\/portal\/wp-json\/wp\/v2\/tags?post=270891"}],"curies":[{"name":"wp","href":"https:\/\/api.w.org\/{rel}","templated":true}]}}