{"id":270866,"date":"2019-08-01T23:14:13","date_gmt":"2019-08-01T21:14:13","guid":{"rendered":"http:\/\/www.pcnen.com\/portal\/?p=270866"},"modified":"2019-08-01T23:14:13","modified_gmt":"2019-08-01T21:14:13","slug":"suncano-do-36-stepeni-4","status":"publish","type":"post","link":"https:\/\/www.pcnen.com\/portal\/2019\/08\/01\/suncano-do-36-stepeni-4\/","title":{"rendered":"Sun\u010dano, do 36 stepeni"},"content":{"rendered":"<p><img loading=\"lazy\" decoding=\"async\" class=\"size-large wp-image-207923 aligncenter\" src=\"http:\/\/www.pcnen.com\/portal\/wp-content\/uploads\/2016\/06\/livada-431x450.jpg\" alt=\"\" width=\"431\" height=\"450\" \/><\/p>\n<p>U Crnoj Gori \u0107e u petak biti prete\u017eno sun\u010dano i veoma toplo. Poslijepodne u sjevernim, a tokom no\u0107i i u ostalim predjelima, bi\u0107e promjenljivo obla\u010dno, mjestimi\u010dno uz ki\u0161u ili pljusak sa grmljavinom.<\/p>\n<p>Na sjeveru \u0107e ujutro po kotlinama magla.<\/p>\n<p>Vjetar \u0107e biti umjeren ju\u017eni i zapadni.<\/p>\n<p>Jutarnja temperatura vazduha kreta\u0107e se od 13 do24, najvi\u0161a dnevna od 26 do36 stepeni.<\/p>\n<p>U Podgorici \u0107e biti sun\u010dano, krajem dana i tokom no\u0107i promjenljivo obla\u010dno, a u kasnim satima mogu\u0107a je ki\u0161a.<\/p>\n<p>Duva\u0107e umjeren ju\u017eni vjetar.<\/p>\n<p>Jutarnja temperatura vazduha bi\u0107e oko 24, najvi\u0161a dnevna do 36 stepeni.<\/p>\n<p><a href=\"http:\/\/www.meteo.co.me\/misc.php?text=121&amp;sektor=1&amp;grad=BIJ\">Prognoza za ostale gradove.<\/a><\/p>\n","protected":false},"excerpt":{"rendered":"<p>U Crnoj Gori \u0107e u petak biti prete\u017eno sun\u010dano i veoma toplo. Poslijepodne u sjevernim, a tokom no\u0107i i u ostalim predjelima, bi\u0107e promjenljivo obla\u010dno, mjestimi\u010dno uz ki\u0161u ili pljusak sa grmljavinom. Na sjeveru \u0107e ujutro po kotlinama magla. Vjetar \u0107e biti umjeren ju\u017eni i zapadni. Jutarnja temperatura vazduha kreta\u0107e se od 13 do24, najvi\u0161a [&hellip;]<\/p>\n","protected":false},"author":1,"featured_media":0,"comment_status":"open","ping_status":"closed","sticky":false,"template":"","format":"standard","meta":{"_seopress_robots_primary_cat":"","_seopress_titles_title":"","_seopress_titles_desc":"","_seopress_robots_index":"","_et_pb_use_builder":"","_et_pb_old_content":"","_et_gb_content_width":"","inline_featured_image":false,"footnotes":""},"categories":[14,12],"tags":[],"class_list":["post-270866","post","type-post","status-publish","format-standard","hentry","category-vijesti","category-prica-dana"],"_links":{"self":[{"href":"https:\/\/www.pcnen.com\/portal\/wp-json\/wp\/v2\/posts\/270866","targetHints":{"allow":["GET"]}}],"collection":[{"href":"https:\/\/www.pcnen.com\/portal\/wp-json\/wp\/v2\/posts"}],"about":[{"href":"https:\/\/www.pcnen.com\/portal\/wp-json\/wp\/v2\/types\/post"}],"author":[{"embeddable":true,"href":"https:\/\/www.pcnen.com\/portal\/wp-json\/wp\/v2\/users\/1"}],"replies":[{"embeddable":true,"href":"https:\/\/www.pcnen.com\/portal\/wp-json\/wp\/v2\/comments?post=270866"}],"version-history":[{"count":0,"href":"https:\/\/www.pcnen.com\/portal\/wp-json\/wp\/v2\/posts\/270866\/revisions"}],"wp:attachment":[{"href":"https:\/\/www.pcnen.com\/portal\/wp-json\/wp\/v2\/media?parent=270866"}],"wp:term":[{"taxonomy":"category","embeddable":true,"href":"https:\/\/www.pcnen.com\/portal\/wp-json\/wp\/v2\/categories?post=270866"},{"taxonomy":"post_tag","embeddable":true,"href":"https:\/\/www.pcnen.com\/portal\/wp-json\/wp\/v2\/tags?post=270866"}],"curies":[{"name":"wp","href":"https:\/\/api.w.org\/{rel}","templated":true}]}}