{"id":270848,"date":"2019-08-01T10:21:08","date_gmt":"2019-08-01T08:21:08","guid":{"rendered":"http:\/\/www.pcnen.com\/portal\/?p=270848"},"modified":"2019-08-01T10:21:08","modified_gmt":"2019-08-01T08:21:08","slug":"demokrate-ovo-je-prva-pobjeda-i-prvi-veliki-korak","status":"publish","type":"post","link":"https:\/\/www.pcnen.com\/portal\/2019\/08\/01\/demokrate-ovo-je-prva-pobjeda-i-prvi-veliki-korak\/","title":{"rendered":"Demokrate: Ovo je prva pobjeda i prvi veliki korak"},"content":{"rendered":"<p><img loading=\"lazy\" decoding=\"async\" class=\"alignleft size-medium wp-image-192486\" src=\"http:\/\/www.pcnen.com\/portal\/wp-content\/uploads\/2015\/11\/Demokrate-CG-300x169.png\" alt=\"\" width=\"300\" height=\"169\" \/>Demokratska Crna Gore je ocijenila da je Demokratska partija socijalista kapitulirala \u201cprihvativ\u0161i i usvojiv\u0161i nakon godinu dana \u2018Briselski plan\u2019 Demokrata i URA\u201d.<\/p>\n<p>\u201cDPS je kapitulirao pod velikom uporno\u0161\u0107u i istrajno\u0161\u0107u Demokrata i URA-e, kao i pritiskom me\u0111unarodne zajednice. Koliko su ljubomorni i nervozni zbog toga \u0161to su morali da prihvate uslove Demokrata, govori i \u010dinjenica da su na kraju prepisali doslovice sve amandmane Demokrata, \u0161to je komedija kakvu ne pamti Crna Gora. Komedija koja je pokazala nikad slabiji DPS, ali i koja je ozna\u010dila veliku pobjedu opozicije. Pri tom isti\u010demo da sa DPS-om nijesmo pregovarali i da se radi o zlonamjernijim neistinama. Mi, za razliku od mnogih, sa DPS-om nemamo ni neformalnu, ni formalnu komunikaciju. Niti jedan funkcioner Demokrata nije pregovarao sa bilo kojim funkcionerom DPS-a. Ako neko druga\u010dije doka\u017ee, napu\u0161tamo istog trena politiku. Na\u0161i partneri su isklju\u010divo gra\u0111ani, iskreni opozicionari i me\u0111unarodna zajednica\u201d, naviodi se u reakciji Demokrata, koja je <a href=\"https:\/\/www.facebook.com\/demokratskacrnagora\/posts\/2138109126497986?__tn__=K-R\">objavljena na njihovoj FB stranici.<\/a><\/p>\n<p>Demokrate su predlo\u017eile Moma Koprivicu i Danila \u0160aranovi\u0107a za \u010dlanove Odbora za sveobuhvatnu reformu izbornog i drugog zakonodavstva.<\/p>\n<p>URA ne\u0107e imati \u010dlana Odbora zato \u0161to nema klub poslanika, \u0161to je preduslov za \u010dlanstvo u Odboru, \u201cali \u0107e Demokrate saglasno dogovoru sa kolegama iz URA zastupati i njihove predloge za sveobuhvatne izborne reforme\u201d.<\/p>\n<p>\u201cNaravno, ovim iskazujemo spremnost da zajedno sa opozicionim kolegama koji su ve\u0107 \u010dlanovi odbora Strahinjom Bulaji\u0107em, Ne\u0111eljkom Rudovi\u0107em, Predragom Bulatovi\u0107em, Brankom Bo\u0161njak i Miodragom Leki\u0107em krenemo u rad na sveobuvatnim izbornim reformama, kao prvim korakom ka fer i slobodnim izborima, istrajavaju\u0107i u borbi za punu implementaciju Sporazuma o budu\u0107nosti i formiranju tehni\u010dke Vlade, saglasno potpisanom Sporazumu o budu\u0107nosti koji nikada nijesmo prekr\u0161ili, za razliku od mnogih. Pozivamo opoziciju na saradnju u borbi za slobodne i fer izbore, jer ispoljavanje zavisti napadom na Demokrate zbog usvajanja \u2018Briselskog plana\u2019 i poraza DPS-a, samo zbog toga \u0161to smo obezbijedili opoziciji znatno povoljniju poziciju nego na\u0161e kolege pro\u0161le godine, ne donosi dobro nikome. Okrenite se borbi protiv DPS-a, a ne Demokrata. U suprotnom, svi zajedno gubimo. Ne dozvolite to. Ovo je prva pobjeda i prvi veliki korak\u201d, poru\u010dile su Demokrate.<\/p>\n<p>Demokratski front je <a href=\"http:\/\/www.pcnen.com\/portal\/2019\/07\/31\/skupstina-usvojila-odluku-o-obrazovanju-odbora-za-dalju-reformu-izbornog-i-drugog-zakonodavstva\/\">optu\u017eio Demokrate sino\u0107 u Skup\u0161tini<\/a> da su iza le\u0111a ostale opozicije pregovarali sa Demokratskom partijom socijalista.<\/p>\n","protected":false},"excerpt":{"rendered":"<p>Demokratska Crna Gore je ocijenila da je Demokratska partija socijalista kapitulirala \u201cprihvativ\u0161i i usvojiv\u0161i nakon godinu dana \u2018Briselski plan\u2019 Demokrata i URA\u201d. \u201cDPS je kapitulirao pod velikom uporno\u0161\u0107u i istrajno\u0161\u0107u Demokrata i URA-e, kao i pritiskom me\u0111unarodne zajednice. Koliko su ljubomorni i nervozni zbog toga \u0161to su morali da prihvate uslove Demokrata, govori i \u010dinjenica [&hellip;]<\/p>\n","protected":false},"author":1,"featured_media":0,"comment_status":"open","ping_status":"closed","sticky":false,"template":"","format":"standard","meta":{"_seopress_robots_primary_cat":"","_seopress_titles_title":"","_seopress_titles_desc":"","_seopress_robots_index":"","_et_pb_use_builder":"","_et_pb_old_content":"","_et_gb_content_width":"","inline_featured_image":false,"footnotes":""},"categories":[14,12],"tags":[],"class_list":["post-270848","post","type-post","status-publish","format-standard","hentry","category-vijesti","category-prica-dana"],"_links":{"self":[{"href":"https:\/\/www.pcnen.com\/portal\/wp-json\/wp\/v2\/posts\/270848","targetHints":{"allow":["GET"]}}],"collection":[{"href":"https:\/\/www.pcnen.com\/portal\/wp-json\/wp\/v2\/posts"}],"about":[{"href":"https:\/\/www.pcnen.com\/portal\/wp-json\/wp\/v2\/types\/post"}],"author":[{"embeddable":true,"href":"https:\/\/www.pcnen.com\/portal\/wp-json\/wp\/v2\/users\/1"}],"replies":[{"embeddable":true,"href":"https:\/\/www.pcnen.com\/portal\/wp-json\/wp\/v2\/comments?post=270848"}],"version-history":[{"count":0,"href":"https:\/\/www.pcnen.com\/portal\/wp-json\/wp\/v2\/posts\/270848\/revisions"}],"wp:attachment":[{"href":"https:\/\/www.pcnen.com\/portal\/wp-json\/wp\/v2\/media?parent=270848"}],"wp:term":[{"taxonomy":"category","embeddable":true,"href":"https:\/\/www.pcnen.com\/portal\/wp-json\/wp\/v2\/categories?post=270848"},{"taxonomy":"post_tag","embeddable":true,"href":"https:\/\/www.pcnen.com\/portal\/wp-json\/wp\/v2\/tags?post=270848"}],"curies":[{"name":"wp","href":"https:\/\/api.w.org\/{rel}","templated":true}]}}