{"id":270828,"date":"2019-07-31T23:16:25","date_gmt":"2019-07-31T21:16:25","guid":{"rendered":"http:\/\/www.pcnen.com\/portal\/?p=270828"},"modified":"2019-07-31T23:18:01","modified_gmt":"2019-07-31T21:18:01","slug":"u-planinama-moguca-kratkotrajna-kisa-ili-grmljavina","status":"publish","type":"post","link":"https:\/\/www.pcnen.com\/portal\/2019\/07\/31\/u-planinama-moguca-kratkotrajna-kisa-ili-grmljavina\/","title":{"rendered":"U planinama mogu\u0107a kratkotrajna ki\u0161a ili grmljavina"},"content":{"rendered":"<p><img loading=\"lazy\" decoding=\"async\" class=\"size-large wp-image-270750 aligncenter\" src=\"http:\/\/www.pcnen.com\/portal\/wp-content\/uploads\/2019\/07\/Stitska-rijeka-338x450.jpg\" alt=\"\" width=\"338\" height=\"450\" \/><\/p>\n<p>U ju\u017enim i centralnim krajevima Crne Gore bi\u0107e sun\u010dano i veoma toplo, a za popodne ili kraj dana najavljuje se slab do umjeren razvoj obla\u010dnosti.<\/p>\n<p>U planinama \u0107e lokalno biti mogu\u0107a kratkotrajna ki\u0161a ili grmljavina.<\/p>\n<p>Na sjeveru zemlje \u0107e ujutru po kotlinama biti magla ili niska obla\u010dnost, a tokom dana bi\u0107e sun\u010danih intervala. Poslije podne i u ve\u010dernjim satima bi\u0107e mjestimi\u010dno ki\u0161e ili pljuska sa grmljavinom.<\/p>\n<p>Vjetar promjenljivog smjera bi\u0107e slab do umjeren.<\/p>\n<p>Jutarnja temperatura vazduha bi\u0107e u rasponu od 11 do 21, a najvi\u0161a dnevna od 23 do 36 stepeni.<\/p>\n<p>U Podgorici \u0107e biti sun\u010dano i veoma toplo, a za kraj dana se najavljuje slab do umjeren razvoj obla\u010dnosti. Vjetar promjenljivog smjera bi\u0107e slab do umjeren. Jutarnja temperatura vazduha bi\u0107e oko 21, a najvi\u0161a dnevna do 36 stepeni.<\/p>\n<p>Prognoza za ostale gradove.<\/p>\n","protected":false},"excerpt":{"rendered":"<p>Najvi\u0161a dnevna temperatura od 23 do 36 stepeni<\/p>\n","protected":false},"author":1,"featured_media":270750,"comment_status":"open","ping_status":"closed","sticky":false,"template":"","format":"standard","meta":{"_seopress_robots_primary_cat":"","_seopress_titles_title":"","_seopress_titles_desc":"","_seopress_robots_index":"","_et_pb_use_builder":"","_et_pb_old_content":"","_et_gb_content_width":"","inline_featured_image":false,"footnotes":""},"categories":[14,12],"tags":[],"class_list":["post-270828","post","type-post","status-publish","format-standard","has-post-thumbnail","hentry","category-vijesti","category-prica-dana"],"_links":{"self":[{"href":"https:\/\/www.pcnen.com\/portal\/wp-json\/wp\/v2\/posts\/270828","targetHints":{"allow":["GET"]}}],"collection":[{"href":"https:\/\/www.pcnen.com\/portal\/wp-json\/wp\/v2\/posts"}],"about":[{"href":"https:\/\/www.pcnen.com\/portal\/wp-json\/wp\/v2\/types\/post"}],"author":[{"embeddable":true,"href":"https:\/\/www.pcnen.com\/portal\/wp-json\/wp\/v2\/users\/1"}],"replies":[{"embeddable":true,"href":"https:\/\/www.pcnen.com\/portal\/wp-json\/wp\/v2\/comments?post=270828"}],"version-history":[{"count":0,"href":"https:\/\/www.pcnen.com\/portal\/wp-json\/wp\/v2\/posts\/270828\/revisions"}],"wp:featuredmedia":[{"embeddable":true,"href":"https:\/\/www.pcnen.com\/portal\/wp-json\/wp\/v2\/media\/270750"}],"wp:attachment":[{"href":"https:\/\/www.pcnen.com\/portal\/wp-json\/wp\/v2\/media?parent=270828"}],"wp:term":[{"taxonomy":"category","embeddable":true,"href":"https:\/\/www.pcnen.com\/portal\/wp-json\/wp\/v2\/categories?post=270828"},{"taxonomy":"post_tag","embeddable":true,"href":"https:\/\/www.pcnen.com\/portal\/wp-json\/wp\/v2\/tags?post=270828"}],"curies":[{"name":"wp","href":"https:\/\/api.w.org\/{rel}","templated":true}]}}