{"id":270811,"date":"2019-07-31T16:29:29","date_gmt":"2019-07-31T14:29:29","guid":{"rendered":"http:\/\/www.pcnen.com\/portal\/?p=270811"},"modified":"2019-07-31T19:07:06","modified_gmt":"2019-07-31T17:07:06","slug":"foca-protest-crnoj-gori-zbog-zagadenja-cehotine","status":"publish","type":"post","link":"https:\/\/www.pcnen.com\/portal\/2019\/07\/31\/foca-protest-crnoj-gori-zbog-zagadenja-cehotine\/","title":{"rendered":"Fo\u010da: Protest Crnoj Gori zbog zaga\u0111enja \u0106ehotine"},"content":{"rendered":"<div id=\"attachment_57526\" style=\"width: 310px\" class=\"wp-caption alignleft\"><img loading=\"lazy\" decoding=\"async\" aria-describedby=\"caption-attachment-57526\" class=\"size-full wp-image-57526\" src=\"http:\/\/www.pcnen.com\/portal\/wp-content\/uploads\/2011\/08\/Mrtve-ribe-e1542972156401.jpg\" alt=\"\" width=\"300\" height=\"268\" \/><p id=\"caption-attachment-57526\" class=\"wp-caption-text\">ilustracija<\/p><\/div>\n<p>Op\u0161tina Fo\u010da obrati\u0107e se nadle\u017enim institucijama Republike Srpske povodom nedavnog zaga\u0111enja rijeke \u0106ehotine, uzrokovanog radom Termoelektrane Pljevlja, da bi skrenula pa\u017enju na ovaj veliki ekolo\u0161ki problem, a uputi\u0107e i o\u0161tar protest crnogorskim vlastima i rukovodstvu tog postrojenja, prenosi Srna.<\/p>\n<p>Odbornici fo\u010danske Skup\u0161tine op\u0161tine na dana\u0161njoj sjednici su istakli da je ispu\u0161tanjem otpadnih voda iz TE Pljevlja izazvan veliki pomor ribe u \u0106ehotini, kao i da ta ekolo\u0161ka katastrofa ne bi smjela ostati bez reagovanja iz Fo\u010de kroz koju ova rijeka proti\u010de.<\/p>\n<p>Tokom rasprave odbornici su naveli da je posljednja ekolo\u0161ka katastrofa vrhunac vi\u0161edecenijskog zaga\u0111enja rijeke \u0106ehotine iz TE Pljevlja i Rudnika olova i cinka \u0160uplja stijena u Crnoj Gori.<\/p>\n<p>Izlivanje otpadnih voda i<a href=\"http:\/\/www.pcnen.com\/portal\/2019\/07\/09\/epcg-priznala-odgovornost-za-ekoloski-zlocin-u-pljevljima\/\"> pomor ribe na dijelu toka u Crnoj Gori dogodio se 4. jula,<\/a> a op\u0161tinski vodoprivredni inspektor u Fo\u010di Budimir Matovi\u0107 informisao je odbornike da je analiza \u0408avne ustanove Vode Srpske od 9. jula pokazala da je u vodi \u0106ehotine sadr\u017eaj azota i fosfora pove\u0107an, ali ne toliko da bi ugrozio \u017eivi svijet u rijeci.<\/p>\n<p>Odbornici su naveli da inspekcija u ovakvim slu\u010dajevima mora br\u017ee reagovati i bolje obavje\u0161tavati javnost.<\/p>\n<p>Na sjednici je ukazano i na problem naglog pu\u0161tanja vode iz Hidroelektrane Mratinje na rijeci Pivi u Crnoj Gori, zbog \u010dega dolazi do brzog rasta nivoa Drine, \u0161to negativno uti\u010de na riblji fond, kojeg je sve manje u ovoj kristalno \u010distoj rijeci.<\/p>\n<p>U skup\u0161tinskoj raspravi istaknuto je i da su 2012. godine, upravo zbog pu\u0161tanja vode iz akumulacije HE Mratinje, Fo\u010du zadesile velike poplave, a da su pro\u0161le godine dvojica dje\u010daka ostala zarobljena na stubovima drinskog mosta, te da je tragedija izbjegnuta, zahvaljuju\u0107i brzoj rekaciji fo\u010danske policije.<\/p>\n<p>Na\u010delnik op\u0161tine Radisav Ma\u0161i\u0107 rekao je da lokalna uprava ne smije ostati gluva na probleme izazvane radom TE Pljevlja i HE Mratinje.<\/p>\n<p>Usvojen je zaklju\u010dak da op\u0161tina posredstvom narodnog poslanika iz Fo\u010de Spomenka Stojanovi\u0107a upozna Narodnu skup\u0161tinu Srpske o ovoj problematici kako bi bila zatra\u017eena za\u0161tita nadle\u017enih isntitucija, kao i da bude upu\u0107en protest resornom ministartvu u Crnoj Gori i TE Pljevlja.<\/p>\n","protected":false},"excerpt":{"rendered":"<p>Op\u0161tina Fo\u010da obrati\u0107e se nadle\u017enim institucijama Republike Srpske povodom nedavnog zaga\u0111enja rijeke \u0106ehotine, uzrokovanog radom Termoelektrane Pljevlja, da bi skrenula pa\u017enju na ovaj veliki ekolo\u0161ki problem, a uputi\u0107e i o\u0161tar protest crnogorskim vlastima i rukovodstvu tog postrojenja, prenosi Srna. Odbornici fo\u010danske Skup\u0161tine op\u0161tine na dana\u0161njoj sjednici su istakli da je ispu\u0161tanjem otpadnih voda iz TE [&hellip;]<\/p>\n","protected":false},"author":1,"featured_media":0,"comment_status":"open","ping_status":"closed","sticky":false,"template":"","format":"standard","meta":{"_seopress_robots_primary_cat":"","_seopress_titles_title":"","_seopress_titles_desc":"","_seopress_robots_index":"","_et_pb_use_builder":"","_et_pb_old_content":"","_et_gb_content_width":"","inline_featured_image":false,"footnotes":""},"categories":[14,12],"tags":[],"class_list":["post-270811","post","type-post","status-publish","format-standard","hentry","category-vijesti","category-prica-dana"],"_links":{"self":[{"href":"https:\/\/www.pcnen.com\/portal\/wp-json\/wp\/v2\/posts\/270811","targetHints":{"allow":["GET"]}}],"collection":[{"href":"https:\/\/www.pcnen.com\/portal\/wp-json\/wp\/v2\/posts"}],"about":[{"href":"https:\/\/www.pcnen.com\/portal\/wp-json\/wp\/v2\/types\/post"}],"author":[{"embeddable":true,"href":"https:\/\/www.pcnen.com\/portal\/wp-json\/wp\/v2\/users\/1"}],"replies":[{"embeddable":true,"href":"https:\/\/www.pcnen.com\/portal\/wp-json\/wp\/v2\/comments?post=270811"}],"version-history":[{"count":0,"href":"https:\/\/www.pcnen.com\/portal\/wp-json\/wp\/v2\/posts\/270811\/revisions"}],"wp:attachment":[{"href":"https:\/\/www.pcnen.com\/portal\/wp-json\/wp\/v2\/media?parent=270811"}],"wp:term":[{"taxonomy":"category","embeddable":true,"href":"https:\/\/www.pcnen.com\/portal\/wp-json\/wp\/v2\/categories?post=270811"},{"taxonomy":"post_tag","embeddable":true,"href":"https:\/\/www.pcnen.com\/portal\/wp-json\/wp\/v2\/tags?post=270811"}],"curies":[{"name":"wp","href":"https:\/\/api.w.org\/{rel}","templated":true}]}}