{"id":270803,"date":"2019-07-31T23:45:27","date_gmt":"2019-07-31T21:45:27","guid":{"rendered":"http:\/\/www.pcnen.com\/portal\/?p=270803"},"modified":"2019-08-01T00:00:06","modified_gmt":"2019-07-31T22:00:06","slug":"skupstina-usvojila-odluku-o-obrazovanju-odbora-za-dalju-reformu-izbornog-i-drugog-zakonodavstva","status":"publish","type":"post","link":"https:\/\/www.pcnen.com\/portal\/2019\/07\/31\/skupstina-usvojila-odluku-o-obrazovanju-odbora-za-dalju-reformu-izbornog-i-drugog-zakonodavstva\/","title":{"rendered":"Skup\u0161tina usvojila Odluku o obrazovanju odbora za dalju reformu izbornog i drugog zakonodavstva"},"content":{"rendered":"<p><img loading=\"lazy\" decoding=\"async\" class=\"size-large wp-image-270781 aligncenter\" src=\"http:\/\/www.pcnen.com\/portal\/wp-content\/uploads\/2019\/07\/Skupstina-CG-450x280.jpg\" alt=\"\" width=\"450\" height=\"280\" \/><\/p>\n<p>Skup\u0161tine Crne Gore je ve\u010deras usvojila Predlog odluke o izmjeni Odluke o obrazovanju odbora za dalju reformu izbornog i drugog zakonodavstva, uva\u017eavaju\u0107i ve\u010dinu amandmana koje je predlo\u017eila Demokratska Crna Gora, \u010diji poslanici bojkotuju rad parlamenta.<\/p>\n<p>Zakonodavni odbor je odbio amandman Demokratskog fronta (DF) da tehni\u010dka vlada bude zadu\u017eena za pra\u0107enje implementacije zakona.<\/p>\n<p>DF je optu\u017eio Demokratsku CG da se, iza le\u0111a ostale opozicije, dogovorila sa Demokratskom partijom socijalista i tako pogazila obe\u0107anje dato gra\u0111anima potpisima opozicionih poslanika na &#8216;Sporazum o budu\u0107nosti&#8217;, koji je ponudio pokret Odupri se.<\/p>\n<p>&#8220;Izdaja&#8221;, bila je klju\u010dna rije\u010d optu\u017ebe poslanika DF na ra\u010dun Demokrata.<\/p>\n<p>Odbor za izbornu reformu obrazova\u0107e nadzorno tijelo za pra\u0107enje primjene usvojenih zakona, a odluke u Odboru donose se tro\u010detvrtinskom ve\u0107inom ukupnog broja \u010dlanova, predvi\u0111eno je amandmanima opozicione Demokratske Crne Gore.<\/p>\n<p>Ta stranka je predlo\u017eila devet amandmana na Predlog odluke o izmjeni odluke o obrazovanju Odbora za dalju reformu izbornog i drugog zakonodavstva<a href=\"http:\/\/www.pcnen.com\/portal\/2019\/07\/31\/skupstina-danas-o-izbornom-zakonodavstvu-live-stream\/\"> o kojoj \u0107e danas raspravljati Skup\u0161tina<\/a>, prenosi agencija Mina.<\/p>\n<p>Demokrate predla\u017eu i promjenu naziva odluke o obrazovanju Odbora.<\/p>\n<p>\u201cPredlo\u017eenim amandmanima mijenja se naziv Odbora u \u010dijoj nadle\u017enosti treba da bude sveobuhvatna reforma izbornog i drugog zakonodavstva, a ne samo dalja reforma\u201d, navodi se u amandmanima u koje je Agencija Mina imala uvid.<\/p>\n<p>Demokrate predla\u017eu da se precizira da je cilj Odbora implementacija svih preporuka OEBSA\/ODIHR.<\/p>\n<p>\u201cImplementacija svih preporuka OEBS\/ODIHR povodom parlamentarnih izbora 2016. i predsjedni\u010dkih 2018. godine, saglasno Ustavu, u cilju pove\u0107anja transparentnosti i profesionalizma institucija koje su uklju\u010dene u izborni proces, posebno Dr\u017eavne izborne komisije i Agencije za spje\u010davanje korupcije\u201c, navodi se u amandmanima.<\/p>\n<p>Odboru bi se, u skladu sa predlogom Demokrata, omogu\u0107ilo da odobrava i predla\u017ee zakon o RTCG.<\/p>\n<p>\u201dPredlo\u017eenim amandmanom omogu\u0107ava se Odboru da odobrava i predla\u017ee predlog Zakona o nacionalnom javnom emiteru RTCG, a ne samo da razmatra nacrt zakona kako je to bilo predvi\u0111eno u odluci\u201c.<\/p>\n<p>Njima se predvi\u0111a da je zadatak Odbora definisanje pravnog rje\u0161enja koje \u0107e omogu\u0107iti izbor novog Savjeta RTCG odmah nakon usvajanja novog zakona o nacionalnom javnom emiteru RTCG, uz uskla\u0111ivanje propisa sa me\u0111unarodnim standardima, umjesto u primjerenom roku, kako je bilo predvi\u0111eno.<\/p>\n<p>U predlogu amandmana precizira se da izuzetno u slu\u010daju da se princip konsenzualnog ne mo\u017ee posti\u0107i, Odbor odlu\u010duje tro\u010detvrtinskom ve\u0107inom ukupnog broja \u010dlanova.<\/p>\n<p>Za dono\u0161enje odgovaraju\u0107e odluke Odbora, potrebno je da za odluku od 14 glasa najmanje 11 \u010dlanova, a ne samo sedam, kako je slu\u010daj bio do sada.<\/p>\n<p>Zadatak Odbora, prema jednom od amandmana, je da defini\u0161e model za obrazovanje nadzornog tijela za pra\u0107enje dosljedne primjene usvojenih zakona i podzakonskih akata za ostvarivanje prava i sloboda u\u010desnika u izbornom procesu.<\/p>\n<p>Predlog Demokrata je da Odbor mo\u017ee predlo\u017eiti Kolegijumu Predsjednika Skup\u0161tine i druge modele za implementaciju i nadzor dogovorenih rje\u0161enja, <a href=\"https:\/\/www.mina.news\/crnagora\/predlazu-nadzorno-tijelo-za-pracenje-izbornih-zakona\/\">prenosi Mina.<\/a><\/p>\n","protected":false},"excerpt":{"rendered":"<p>Demokratski front optu\u017eio za izdaju Be\u010di\u0107eve Demokrate<\/p>\n","protected":false},"author":1,"featured_media":0,"comment_status":"open","ping_status":"closed","sticky":false,"template":"","format":"standard","meta":{"_seopress_robots_primary_cat":"","_seopress_titles_title":"","_seopress_titles_desc":"","_seopress_robots_index":"","_et_pb_use_builder":"","_et_pb_old_content":"","_et_gb_content_width":"","inline_featured_image":false,"footnotes":""},"categories":[14,12],"tags":[],"class_list":["post-270803","post","type-post","status-publish","format-standard","hentry","category-vijesti","category-prica-dana"],"_links":{"self":[{"href":"https:\/\/www.pcnen.com\/portal\/wp-json\/wp\/v2\/posts\/270803","targetHints":{"allow":["GET"]}}],"collection":[{"href":"https:\/\/www.pcnen.com\/portal\/wp-json\/wp\/v2\/posts"}],"about":[{"href":"https:\/\/www.pcnen.com\/portal\/wp-json\/wp\/v2\/types\/post"}],"author":[{"embeddable":true,"href":"https:\/\/www.pcnen.com\/portal\/wp-json\/wp\/v2\/users\/1"}],"replies":[{"embeddable":true,"href":"https:\/\/www.pcnen.com\/portal\/wp-json\/wp\/v2\/comments?post=270803"}],"version-history":[{"count":0,"href":"https:\/\/www.pcnen.com\/portal\/wp-json\/wp\/v2\/posts\/270803\/revisions"}],"wp:attachment":[{"href":"https:\/\/www.pcnen.com\/portal\/wp-json\/wp\/v2\/media?parent=270803"}],"wp:term":[{"taxonomy":"category","embeddable":true,"href":"https:\/\/www.pcnen.com\/portal\/wp-json\/wp\/v2\/categories?post=270803"},{"taxonomy":"post_tag","embeddable":true,"href":"https:\/\/www.pcnen.com\/portal\/wp-json\/wp\/v2\/tags?post=270803"}],"curies":[{"name":"wp","href":"https:\/\/api.w.org\/{rel}","templated":true}]}}