{"id":270796,"date":"2019-07-31T11:35:00","date_gmt":"2019-07-31T09:35:00","guid":{"rendered":"http:\/\/www.pcnen.com\/portal\/?p=270796"},"modified":"2019-10-09T22:35:50","modified_gmt":"2019-10-09T20:35:50","slug":"fer-izbori-ili-bojkot","status":"publish","type":"post","link":"https:\/\/www.pcnen.com\/portal\/2019\/07\/31\/fer-izbori-ili-bojkot\/","title":{"rendered":"Fer izbori ili bojkot"},"content":{"rendered":"<p>Od kada je prije trideset godina ova garnitura do\u0161la na vlast pu\u010dem, svi izbori i oba referenduma su bili farsa. Plja\u010dka je postala na\u010din vladanja. Plja\u010dka dr\u017eavne imovine i resursa bila je logi\u010dan natavak kra\u0111e izbora. Uni\u0161teno je i devastirano skoro sve, ostala je samo priroda: more, jezere, rijeke, planine. Sad se krenulo i na njih. \u201ePoslije nas potop\u201c \u2013 na\u010din je vladanja tridesetogodi\u0161nje neustavne i neligitimne \u00a0vlasti. Zato gra\u0111ani sve vi\u0161e bje\u017ee iz zemlje, koja je ostala bez perspektive. Me\u0111unarodna zajednica je iz svojih geostrate\u0161kih i stabilokratskih interesa podr\u017eavala ili \u017emurila na sve gore navedeno i sukrivac je u op\u0161tem bezakonju i plja\u010dki Crne Gore.<\/p>\n<p>Skup\u0161tina, Vlada, policija, sudstvo, tu\u017eila\u0161tvo, Javni medijski servis, ASK, DIK, Centralna banka&#8230; sve je pod kontrolom jednog \u010dovjeka. Sva vlast je u njegovim rukama, ma koju funkciju obavljao ili ne obavljao, a \u201einstitucije\u201c su njegov li\u010dni servis. Nelegitimna Skup\u0161tina je op\u0161ta pri\u010daonica vladarevih vojnika, u kojoj se, pored populisti\u010dke i nacionalisti\u010dke pri\u010de, ponekad donose zakoni, ali po njegovoj mjeri. Ti zakoni znaju da li\u010de na evropske, zbog privida, ali se ne primjenjuju. Ne bar prema njemu, porodici, prijateljima.<\/p>\n<p>On kontroli\u0161e i glavne kriminalne klanove u dr\u017eavi. \u00a0Svi znaju da su \u0110ukanovi\u0107 i ljudi pod njegovom za\u0161titom van i iznad zakona, da Vesna Medenica, Milivoje Katni\u0107 i Veselin Veljovi\u0107 nikad ne\u0107e i ne smiju sprovoditi zakone i Ustavna ovla\u0161\u0107ena nad \u0110ukanovi\u0107em, porodicom i prijateljima mu. Oni \u00a0mogu ubiti \u010dovjeka, javno, ispred bolnice, dok je na noslima, u prisustvu nekoliko svjedoka i ne\u0107e za to odgovarati. Iako je Crna Gora jedan od najsiroma\u0161nijih dr\u017eava Evrope, \u0110ukanovi\u0107 mo\u017ee biti jedan od najbogatijih evropskih predsjednika a da to ne izazove pa\u017enju, sumnju i istragu dr\u017eavnih organa. On, brat, sestra, sin, \u0161ura, kumovi i blisko povezana lica imaju kapital, siguran sam, od nekoliko milijardi eura. Ali dok on dr\u017ei poluge vlasti, nikada ne\u0107e biti pod lupom istra\u017enih organa. \u0110ukanovi\u0107 je bez ikakve sumnje komandno odgovoran i za najve\u0107i ratni zlo\u010din u novijoj istoriji Crne Gore, deportaciju BiH izbjeglica. Ali ko da ga procesuira?<\/p>\n<p>Da bi \u0110ukanovi\u0107 i njegova interesno-kriminalna grupa, organizovana u partiju, svih ovih trideset godina imala privid legitimiteta, osim \u201einstitucija\u201c koje dr\u017ei pod kontrolom, morao je kontroilsati i opoziciju, bar jedan njen dio. To je uradio podmi\u0107uju\u0107i je privilegijama, \u201eposlovima\u201c, ucjenama i \u00a0uba\u010denm ljudima. Opozicija je, osim LSCG koji se zbog toga ugasio, trideset godina u\u010destvovala u la\u017enim izborima koje je \u0110ukanovi\u0107 sa svojom partijom organizovao. Izborima, za koje je unaprijed znala da su izgubljeni. Zato bojkot la\u017enih izbora i vanistutucionalno djelovanje nikada nije bila opcija opozicije. Kako je najzad bar dio opozicije u\u0161ao u bojkot parlamenta, pla\u0161e\u0107i se op\u0161teg bojkota, \u0110ukanovi\u0107 je preko jednog od svojih vojnika, poslanika Popovi\u0107a, iz partije \u00a0\u010diji bi se samostalni izlazak na izbore mjerio promilima, predlo\u017eio zakon kojim bi se poslanicima umanjivala plata 60% ako ne prisustvuju sjednicama Skup\u0161tine, tj. ako ih bojkotuju. Mjera upozerenja i prijetnje, jer \u0110ukanovi\u0107 dobro zna da je veliki broj poslanika opozicije u Skup\u0161tini zbog privilegija i plate, a ne zbog interesa gra\u0111ana.<\/p>\n<p>Izbijanjem afere \u201eKoverat\u201c krenuli su op\u0161ti gra\u0111anski protesti na kojima je bilo i do 20 000 ljudi. Proporcionalno broju stanovnika, to je kao da je u Francuskoj protestvovalo vi\u0161e od dva miliona gra\u0111ana, u \u010ce\u0161koj vi\u0161e od trista hiljada, u Srbiji dvjesta hiljada. Dakle, mo\u017ee se re\u0107i da su to, proporcionalno, bili najmasovniji prostesti u Evropi poslednjih desetak godina. Njih su inicirali i pokrenuli gra\u0111ani a ne opozicija. A onda ni ona nije imala izlaz. Priklju\u010dila im se &#8211; jedan dio nevoljno. Potpisan je Sporazum o budu\u0107nosti. Sporazum pored ostalog pedvi\u0111a tehni\u010dku vladu za pripremu prvih fer i po\u0161tenih izbora \u010diji bi mandat trajao najmanje jednu godinu, \u00a0novo izborno zakonodavstvo primjenjivo u praksi, profesionalan i istinski Javni medijski servis, promjene u tu\u017eila\u0161tvu, ASK-u, DIK-u&#8230; U suprotnom, obavezali su se na bojkot.<\/p>\n<p>Vlast je najprije bila u panici. U po\u010detku, \u0161to je uobi\u010dajno za nju, proteste je povezivala sa Rusijom i Kinom, destabilazacijom dr\u017eave (dr\u017eava su \u0110ukanovi\u0107 i DPS!), da su upereni \u201eprotiv evropskog puta i evropskih vrijednosti Crne Gore\u201c. (Ako su \u0110ukanovi\u0107 i DPS evropske vrijednosti, onda sam ja i ve\u0107ina gra\u0111ana protiv te i takve Evrope.)<\/p>\n<p>Kada su protesti stali, vlast, ali i opozcija, po\u010deli su po starom. Prvi su se konsolidovali, nastavilli sa sveop\u0161tom plja\u010dkom, novim zadu\u017eivanjima, afere su sustizale jedna drugu. \u00a0Opozicija sa uobi\u010dajnim sva\u0111ama i prepucavanjima. I jedni i drugi zaboravljaju\u0107i da je potpisan Sporazum o budu\u0107nosti i uslovi koji se moraju ispuniti da bi izbori bili odr\u017eani. Tzv. Specijani tu\u017eilac Katni\u0107 i dalje, ve\u0107 sedam mjeseci, \u201eizvi\u0111a\u201c aferu \u201eKoverat\u201c, bez epiloga,\u00a0 iako postoji jasan i nedvosmislen snimak i priznanje za \u0161to se novac iz \u201eKoverte\u201c koristio. U me\u0111uvremenu je, u me\u0111unarodnim policijskim akcijama, pohvatano jo\u0161 kokainskih tura ogromne vrijednosti u \u010dijem su organizovanju u\u010destovale kriminalne strukture iz male Crne Gore u kojoj svako svakog zna i svako zna ko \u0161to radi. Procurili su tonski snimci sa \u201egovedima iz Rasova\u201c, prvog savjetnika predsjednika dr\u017eave, ujedno i najve\u0107eg crnogorskog izvo\u0111a\u010da gra\u0111evinskih radova. Izbila je i afera o milionskim prevarama, utaji poreza, pranju novca. Specijalni je krenuo u akciju \u201eKlap\u201c, koja \u0107e se, kao i sve, zavr\u0161iti procesuiranjem sitnih riba. Protiv brata predsjednika \u0110ukanovi\u0107a, uprkos dokazima koje je iznio osumnji\u010deni Dejan Laki\u0107, normalno da ne\u0107e biti pokrenuta istraga. Kao ni u aferi \u201eKoverat\u201c protiv Mila \u0110ukanovi\u0107a.<\/p>\n<p>U poslednjem truntku su, \u010dini mi se, i vlast, i opozicija, i me\u0111unarodna zajednica, shvatili, da se zbog potpisanog Sporazuma o budu\u0107nosti i svega \u0161to se de\u0161avalo, mora krenuti u neke promjene, jer mo\u017ee do\u0107i do bojkota izbora. Ako ne od partija, onda od gra\u0111ana, \u010dime bi se izgubio i onaj privid legitimiteta budu\u0107e a iste vlasti. DPS je krenuo da pravi ustupke, kozmeti\u010dke normalno. Jer zna da u fer i po\u0161tenoj izbornoj trci vjerovatno gubi izbore. Na gra\u0111anima je da ne pristanu na takve kozmeti\u010dke promjene, vr\u0161e\u0107i stalan pritisak na opoziciju da ih bojkotuje \u00a0ako se ne ispune osnovne stavke iz Sporazuma o budu\u0107nosti. Ili da ih sami gra\u0111ani bojkotuju ako opozicija iz li\u010dnih i partijskih interesa ponovo pristane da bude dekor novoj \u201eizbornoj\u201c pobjedi \u0110ukanovi\u0107a i njegove nazovi partije.<\/p>\n<p>Na izbore se ne smije iza\u0107i ni ako do njihovog odr\u017eavanja ne bude donesena pravosna\u017ena i adekvatna presuda za aktere afere \u201eKoverat\u201c. Ako me\u0111unarodna zajednica opet za\u017emuri na sve izborne i druge neregularnosti, ucjene, kupovinu glasova, pritiske i kra\u0111e, onda svaka njihova pri\u010da o Putinu, Erdoganu i Luka\u0161enku, njihovoj autokratskoj i dugovje\u010dnoj vladavini, mo\u017ee se tuma\u010diti kao lo\u0161 vic. Jer njihov dosada\u0161nji miljenik i favorit \u0110ukanovi\u0107 je mnogo du\u017ee na vlasti od pobrojanih, a ni Putin, ni Erdogan, ni Luka\u0161enko, siguran sam, ne dr\u017ee ba\u0161 sve institucije pod svojom kontrolom kao \u0161to ih dr\u017ei \u0110ukanovi\u0107.<\/p>\n","protected":false},"excerpt":{"rendered":"<p>Pi\u0161e: Omer \u0160ARKI\u0106<\/p>\n","protected":false},"author":12,"featured_media":0,"comment_status":"open","ping_status":"closed","sticky":false,"template":"","format":"standard","meta":{"_seopress_robots_primary_cat":"","_seopress_titles_title":"","_seopress_titles_desc":"","_seopress_robots_index":"","_et_pb_use_builder":"","_et_pb_old_content":"","_et_gb_content_width":"","inline_featured_image":false,"footnotes":""},"categories":[17],"tags":[],"class_list":["post-270796","post","type-post","status-publish","format-standard","hentry","category-blogovi"],"_links":{"self":[{"href":"https:\/\/www.pcnen.com\/portal\/wp-json\/wp\/v2\/posts\/270796","targetHints":{"allow":["GET"]}}],"collection":[{"href":"https:\/\/www.pcnen.com\/portal\/wp-json\/wp\/v2\/posts"}],"about":[{"href":"https:\/\/www.pcnen.com\/portal\/wp-json\/wp\/v2\/types\/post"}],"author":[{"embeddable":true,"href":"https:\/\/www.pcnen.com\/portal\/wp-json\/wp\/v2\/users\/12"}],"replies":[{"embeddable":true,"href":"https:\/\/www.pcnen.com\/portal\/wp-json\/wp\/v2\/comments?post=270796"}],"version-history":[{"count":0,"href":"https:\/\/www.pcnen.com\/portal\/wp-json\/wp\/v2\/posts\/270796\/revisions"}],"wp:attachment":[{"href":"https:\/\/www.pcnen.com\/portal\/wp-json\/wp\/v2\/media?parent=270796"}],"wp:term":[{"taxonomy":"category","embeddable":true,"href":"https:\/\/www.pcnen.com\/portal\/wp-json\/wp\/v2\/categories?post=270796"},{"taxonomy":"post_tag","embeddable":true,"href":"https:\/\/www.pcnen.com\/portal\/wp-json\/wp\/v2\/tags?post=270796"}],"curies":[{"name":"wp","href":"https:\/\/api.w.org\/{rel}","templated":true}]}}