{"id":270780,"date":"2019-07-31T09:25:22","date_gmt":"2019-07-31T07:25:22","guid":{"rendered":"http:\/\/www.pcnen.com\/portal\/?p=270780"},"modified":"2019-07-31T22:59:00","modified_gmt":"2019-07-31T20:59:00","slug":"skupstina-danas-o-izbornom-zakonodavstvu-live-stream","status":"publish","type":"post","link":"https:\/\/www.pcnen.com\/portal\/2019\/07\/31\/skupstina-danas-o-izbornom-zakonodavstvu-live-stream\/","title":{"rendered":"Skup\u0161tina danas o izbornom zakonodavstvu (live stream)"},"content":{"rendered":"<p><iframe loading=\"lazy\" title=\"Dvanaesta sjednica Prvog redovnog zasijedanja u 2019. godini 31.07.2019\" width=\"1080\" height=\"608\" src=\"https:\/\/www.youtube.com\/embed\/B9mqT8X775o?feature=oembed\" frameborder=\"0\" allow=\"accelerometer; autoplay; clipboard-write; encrypted-media; gyroscope; picture-in-picture; web-share\" allowfullscreen><\/iframe><\/p>\n<p>Skup\u0161tina Crne Gore \u0107e danas raspravljati o Predlogu odluke o izmjeni Odluke o obrazovanju Odbora za dalju reformu izbornog i drugog zakonodavstva.<\/p>\n<p>Ve\u0107i dio opozicije ne\u0107e podr\u017eati eventualne izmjene odluke o Odboru za dalju reformu izbornog i drugog zakonodavstva, jer bi se time smanjile \u0161anse za formiranje tehni\u010dke vlade, saznaju Vijesti.<\/p>\n<p>Kolegijum predsjednika Skup\u0161tine dogovorio je sino\u0107 da se danas odr\u017ei posebna sjednica parlamenta na kojoj bi bile usvojene izmjene odluke o formiranju Odbora. Formalni predlaga\u010d odluke bi\u0107e predsjednik parlamenta Ivan Brajovi\u0107, a prema najavljenim izmjenama u Odboru bi se odluke donosile samo uz podr\u0161ku \u010detiri petine \u010dlanova, umjesto sa dosada\u0161nje dvije tre\u0107ine, dok bi za pra\u0107enje sprovo\u0111enja izbornih reformi bio zadu\u017een poseban Odbor za implementaciju zakona, <a href=\"https:\/\/www.vijesti.me\/vijesti\/politika\/opozicija-gleda-da-ne-smanji-sanse-za-tehnicku-vladu\">pi\u0161u Vijesti.<\/a><\/p>\n<p><iframe loading=\"lazy\" title=\"Nastavak Desete sjednice Prvog redovnog zasijedanja u 2019. godini 31.07.2019.\" width=\"1080\" height=\"608\" src=\"https:\/\/www.youtube.com\/embed\/wVCWb0IZ4kE?feature=oembed\" frameborder=\"0\" allow=\"accelerometer; autoplay; clipboard-write; encrypted-media; gyroscope; picture-in-picture; web-share\" allowfullscreen><\/iframe><\/p>\n","protected":false},"excerpt":{"rendered":"<p>Skup\u0161tina Crne Gore \u0107e danas raspravljati o Predlogu odluke o izmjeni Odluke o obrazovanju Odbora za dalju reformu izbornog i drugog zakonodavstva. Ve\u0107i dio opozicije ne\u0107e podr\u017eati eventualne izmjene odluke o Odboru za dalju reformu izbornog i drugog zakonodavstva, jer bi se time smanjile \u0161anse za formiranje tehni\u010dke vlade, saznaju Vijesti. Kolegijum predsjednika Skup\u0161tine dogovorio [&hellip;]<\/p>\n","protected":false},"author":1,"featured_media":0,"comment_status":"open","ping_status":"closed","sticky":false,"template":"","format":"standard","meta":{"_seopress_robots_primary_cat":"","_seopress_titles_title":"","_seopress_titles_desc":"","_seopress_robots_index":"","_et_pb_use_builder":"","_et_pb_old_content":"","_et_gb_content_width":"","inline_featured_image":false,"footnotes":""},"categories":[14,12],"tags":[],"class_list":["post-270780","post","type-post","status-publish","format-standard","hentry","category-vijesti","category-prica-dana"],"_links":{"self":[{"href":"https:\/\/www.pcnen.com\/portal\/wp-json\/wp\/v2\/posts\/270780","targetHints":{"allow":["GET"]}}],"collection":[{"href":"https:\/\/www.pcnen.com\/portal\/wp-json\/wp\/v2\/posts"}],"about":[{"href":"https:\/\/www.pcnen.com\/portal\/wp-json\/wp\/v2\/types\/post"}],"author":[{"embeddable":true,"href":"https:\/\/www.pcnen.com\/portal\/wp-json\/wp\/v2\/users\/1"}],"replies":[{"embeddable":true,"href":"https:\/\/www.pcnen.com\/portal\/wp-json\/wp\/v2\/comments?post=270780"}],"version-history":[{"count":0,"href":"https:\/\/www.pcnen.com\/portal\/wp-json\/wp\/v2\/posts\/270780\/revisions"}],"wp:attachment":[{"href":"https:\/\/www.pcnen.com\/portal\/wp-json\/wp\/v2\/media?parent=270780"}],"wp:term":[{"taxonomy":"category","embeddable":true,"href":"https:\/\/www.pcnen.com\/portal\/wp-json\/wp\/v2\/categories?post=270780"},{"taxonomy":"post_tag","embeddable":true,"href":"https:\/\/www.pcnen.com\/portal\/wp-json\/wp\/v2\/tags?post=270780"}],"curies":[{"name":"wp","href":"https:\/\/api.w.org\/{rel}","templated":true}]}}