{"id":270733,"date":"2019-07-30T12:06:10","date_gmt":"2019-07-30T10:06:10","guid":{"rendered":"http:\/\/www.pcnen.com\/portal\/?p=270733"},"modified":"2019-07-30T18:47:45","modified_gmt":"2019-07-30T16:47:45","slug":"nasa-planeta-juce-usla-u-ekoloski-dug","status":"publish","type":"post","link":"https:\/\/www.pcnen.com\/portal\/2019\/07\/30\/nasa-planeta-juce-usla-u-ekoloski-dug\/","title":{"rendered":"Na\u0161a planeta ju\u010de u\u0161la u ekolo\u0161ki dug"},"content":{"rendered":"<p><img loading=\"lazy\" decoding=\"async\" class=\"size-large wp-image-240839 aligncenter\" src=\"http:\/\/www.pcnen.com\/portal\/wp-content\/uploads\/2018\/02\/pustinja-450x275.jpg\" alt=\"\" width=\"450\" height=\"275\" \/><\/p>\n<p>Ove godine svijet je u\u0161ao u ekolo\u0161ki dug upravo ju\u010de, 29. jula, \u0161to je najranije od kako se sprovode ovakva mjerenja.<\/p>\n<p>Naime, do ju\u010de stanovnici planete potro\u0161ili su vi\u0161e nego \u0161to ekosistemi planete Zemlje mogu u godini dana da obnove.<\/p>\n<p>Dan ekolo\u0161kog duga ove godine obilje\u017eava se najranije otkako se sprovode mjerenja, navode ekolozi, i jo\u0161 jednom upozoravaju na va\u017enost o\u010duvanja prirodne sredine.<\/p>\n<p>Organizacija Global Footprint Network svake godine izra\u010dunava dan prekora\u010denja. Pro\u0161le godine smo u dug u\u0161li 1. avgusta. Unutar &#8220;bud\u017eeta&#8221; zemljinih prirodnih resursa smo bili sve do oko 1970. godine, kada je Dan ekolo\u0161kog duga Zemlje bio 23. decembar, prenosi RTS.<\/p>\n<p>Nakon deset godina, 1980, u dug smo u\u0161li \u0161est nedjelja ranije, a naredne to je bio 13. oktobar.<\/p>\n<p>Godine 2000. u dug smo u\u0161li 4. oktobra, da bismo do 2010. godine do\u0161li do 28. avgusta. Sada, devet godina kasnije, opet je oboren neslavni rekord.<\/p>\n","protected":false},"excerpt":{"rendered":"<p>Ove godine svijet je u\u0161ao u ekolo\u0161ki dug upravo ju\u010de, 29. jula, \u0161to je najranije od kako se sprovode ovakva mjerenja. Naime, do ju\u010de stanovnici planete potro\u0161ili su vi\u0161e nego \u0161to ekosistemi planete Zemlje mogu u godini dana da obnove. Dan ekolo\u0161kog duga ove godine obilje\u017eava se najranije otkako se sprovode mjerenja, navode ekolozi, i [&hellip;]<\/p>\n","protected":false},"author":1,"featured_media":0,"comment_status":"open","ping_status":"closed","sticky":false,"template":"","format":"standard","meta":{"_seopress_robots_primary_cat":"","_seopress_titles_title":"","_seopress_titles_desc":"","_seopress_robots_index":"","_et_pb_use_builder":"","_et_pb_old_content":"","_et_gb_content_width":"","inline_featured_image":false,"footnotes":""},"categories":[14,12],"tags":[],"class_list":["post-270733","post","type-post","status-publish","format-standard","hentry","category-vijesti","category-prica-dana"],"_links":{"self":[{"href":"https:\/\/www.pcnen.com\/portal\/wp-json\/wp\/v2\/posts\/270733","targetHints":{"allow":["GET"]}}],"collection":[{"href":"https:\/\/www.pcnen.com\/portal\/wp-json\/wp\/v2\/posts"}],"about":[{"href":"https:\/\/www.pcnen.com\/portal\/wp-json\/wp\/v2\/types\/post"}],"author":[{"embeddable":true,"href":"https:\/\/www.pcnen.com\/portal\/wp-json\/wp\/v2\/users\/1"}],"replies":[{"embeddable":true,"href":"https:\/\/www.pcnen.com\/portal\/wp-json\/wp\/v2\/comments?post=270733"}],"version-history":[{"count":0,"href":"https:\/\/www.pcnen.com\/portal\/wp-json\/wp\/v2\/posts\/270733\/revisions"}],"wp:attachment":[{"href":"https:\/\/www.pcnen.com\/portal\/wp-json\/wp\/v2\/media?parent=270733"}],"wp:term":[{"taxonomy":"category","embeddable":true,"href":"https:\/\/www.pcnen.com\/portal\/wp-json\/wp\/v2\/categories?post=270733"},{"taxonomy":"post_tag","embeddable":true,"href":"https:\/\/www.pcnen.com\/portal\/wp-json\/wp\/v2\/tags?post=270733"}],"curies":[{"name":"wp","href":"https:\/\/api.w.org\/{rel}","templated":true}]}}