{"id":270729,"date":"2019-07-30T11:26:10","date_gmt":"2019-07-30T09:26:10","guid":{"rendered":"http:\/\/www.pcnen.com\/portal\/?p=270729"},"modified":"2019-07-30T16:54:14","modified_gmt":"2019-07-30T14:54:14","slug":"cg-hapsenja-zbog-milionske-utaje-poreza","status":"publish","type":"post","link":"https:\/\/www.pcnen.com\/portal\/2019\/07\/30\/cg-hapsenja-zbog-milionske-utaje-poreza\/","title":{"rendered":"CG: Hap\u0161enja zbog milionske utaje poreza"},"content":{"rendered":"<p><img loading=\"lazy\" decoding=\"async\" class=\"size-large wp-image-235244 aligncenter\" src=\"http:\/\/www.pcnen.com\/portal\/wp-content\/uploads\/2017\/10\/lisice-1-450x326.jpg\" alt=\"\" width=\"450\" height=\"326\" \/>Po nalogu Specijalnog dr\u017eavnog tu\u017eila\u0161tva, pripadnici policije su rano jutros uhapsili vi\u0161e osoba koje se terete za utaju poreza.<\/p>\n<p>Kako saznaje TV Vijesti neki od uhap\u0161enih su povezani sa osumnji\u010denima iz akcije Klap u kojoj je policija zbog istog krivi\u010dnog djela slobode li\u0161ila dvadesetak osoba.<\/p>\n<p>Prema prvim informacijama uhap\u0161ena su i \u010detiri poreska inspektora ali i oni koje je u obra\u0107anju na dru\u0161tvenim mre\u017eama prozivao odbjegli Danilovgra\u0111anin Dejan Laki\u0107. Tako su se na spisku jutros privedenih na\u0161li i Milo\u0161 Mla\u0111enovi\u0107, vlasnik firme &#8220;Mi\u0107oni&#8221;, te bra\u0107a Petri\u010devi\u0107, Ivan i Bojan, dok je nalog za privo\u0111enje izdat i za njihovim tre\u0107im bratom &#8211; Dejanom koji je trenutno van zemlje.<\/p>\n<p>Kako saznaju Vijesti nezvani\u010dno, policaja je jutros privela poreznike: Nevenku \u0110urovi\u0107. Slavojku Savi\u0107, Brana Magdalini\u0107a i Milijanu Radonji\u0107.<br \/>\nRadi se o starijim poreskim slu\u017ebenicima i svi se oni navodno dovode u vezu poslovima vezanim za povra\u0107aj PDV-a bra\u0107i Petri\u010devi\u0107.<\/p>\n<p>Prema prvim procjenama iznos \u0161etete koju su osumnji\u010deni nanijeli dr\u017eavnom bud\u017eetu iznosi preko tri milona eura.<\/p>\n<p>Specijalno dr\u017eavno tu\u017eila\u0161tvo saop\u0161tilo je da je podnijeta krivi\u010dna prijava protiv 14 fizi\u010dkih i devet pravnih lica.<\/p>\n<p>&#8220;Uprava policije, Sektor za borbu protiv organizovanog kriminala i korupcije, Specijalno policijsko odjeljenje podnijelo je Specijalnom dr\u017eavnom tu\u017eila\u0161tvu krivi\u010dnu prijavu protiv 14 fizi\u010dkih i 9 pravnih lica zbog osnovane sumnje da su u\u010dinili vi\u0161e krivi\u010dnih djela iz nadle\u017enosti Specijalnog dr\u017eavnog tu\u017eila\u0161tva. Osnovano se sumnja da je 14 fizi\u010dkih lica (B.P, S.J, I.P, D.P, D.L, I.V, N.\u0110, B.M, M.R, S.S, S.V, P.M, M.M, V.M.) i 9 pravnih lica u\u010dinilo krivi\u010dno djelo &#8211; stvaranje kriminalne organizacije. Od ovih 14 fizi\u010dkih lica za njih 9 (N.\u0110, B.M, M.R, S.S, B.P, S.J, I.P, D.P, D.L, I.V.) kao i za jedno od 9 pravnih lica osnovano se sumnja da su u\u010dinili i krivi\u010dno djelo \u2013 prevara u produ\u017eenom trajanju. Osim toga za 4 fizi\u010dka (B.P, S.J, I.P, D.P.) i 4 pravna lica osnovano se sumnja da su u\u010dinili i krivi\u010dno djelo \u2013 pranje novca u produ\u017eenom trajanju, dok se za 4 fizi\u010dka (S.V, P.M, M.M, V.M.) i 5 pravnih lica osnovano sumnja da su u\u010dinili i produ\u017eeno krivi\u010dno djelo &#8211; utaja poreza i doprinosa&#8221;, saop\u0161teno je iz SDT-a<\/p>\n<p>Specijalno dr\u017eavno tu\u017eila\u0161tvo izdalo je nalog za hap\u0161enje svih 14 fizi\u010dkih lica.<\/p>\n","protected":false},"excerpt":{"rendered":"<p>Po nalogu Specijalnog dr\u017eavnog tu\u017eila\u0161tva, pripadnici policije su rano jutros uhapsili vi\u0161e osoba koje se terete za utaju poreza. Kako saznaje TV Vijesti neki od uhap\u0161enih su povezani sa osumnji\u010denima iz akcije Klap u kojoj je policija zbog istog krivi\u010dnog djela slobode li\u0161ila dvadesetak osoba. Prema prvim informacijama uhap\u0161ena su i \u010detiri poreska inspektora ali [&hellip;]<\/p>\n","protected":false},"author":1,"featured_media":0,"comment_status":"open","ping_status":"closed","sticky":false,"template":"","format":"standard","meta":{"_seopress_robots_primary_cat":"","_seopress_titles_title":"","_seopress_titles_desc":"","_seopress_robots_index":"","_et_pb_use_builder":"","_et_pb_old_content":"","_et_gb_content_width":"","inline_featured_image":false,"footnotes":""},"categories":[14,12],"tags":[],"class_list":["post-270729","post","type-post","status-publish","format-standard","hentry","category-vijesti","category-prica-dana"],"_links":{"self":[{"href":"https:\/\/www.pcnen.com\/portal\/wp-json\/wp\/v2\/posts\/270729","targetHints":{"allow":["GET"]}}],"collection":[{"href":"https:\/\/www.pcnen.com\/portal\/wp-json\/wp\/v2\/posts"}],"about":[{"href":"https:\/\/www.pcnen.com\/portal\/wp-json\/wp\/v2\/types\/post"}],"author":[{"embeddable":true,"href":"https:\/\/www.pcnen.com\/portal\/wp-json\/wp\/v2\/users\/1"}],"replies":[{"embeddable":true,"href":"https:\/\/www.pcnen.com\/portal\/wp-json\/wp\/v2\/comments?post=270729"}],"version-history":[{"count":0,"href":"https:\/\/www.pcnen.com\/portal\/wp-json\/wp\/v2\/posts\/270729\/revisions"}],"wp:attachment":[{"href":"https:\/\/www.pcnen.com\/portal\/wp-json\/wp\/v2\/media?parent=270729"}],"wp:term":[{"taxonomy":"category","embeddable":true,"href":"https:\/\/www.pcnen.com\/portal\/wp-json\/wp\/v2\/categories?post=270729"},{"taxonomy":"post_tag","embeddable":true,"href":"https:\/\/www.pcnen.com\/portal\/wp-json\/wp\/v2\/tags?post=270729"}],"curies":[{"name":"wp","href":"https:\/\/api.w.org\/{rel}","templated":true}]}}