{"id":270707,"date":"2019-07-29T22:24:05","date_gmt":"2019-07-29T20:24:05","guid":{"rendered":"http:\/\/www.pcnen.com\/portal\/?p=270707"},"modified":"2019-07-29T22:24:05","modified_gmt":"2019-07-29T20:24:05","slug":"kise-ce-povremeno-biti-na-sjeveru-crne-gore","status":"publish","type":"post","link":"https:\/\/www.pcnen.com\/portal\/2019\/07\/29\/kise-ce-povremeno-biti-na-sjeveru-crne-gore\/","title":{"rendered":"Ki\u0161e \u0107e povremeno biti na sjeveru Crne Gore"},"content":{"rendered":"<p><img loading=\"lazy\" decoding=\"async\" class=\"alignleft size-medium wp-image-270532\" src=\"http:\/\/www.pcnen.com\/portal\/wp-content\/uploads\/2019\/07\/kisa-300x200.jpg\" alt=\"\" width=\"300\" height=\"200\" srcset=\"https:\/\/www.pcnen.com\/portal\/wp-content\/uploads\/2019\/07\/kisa-300x200.jpg 300w, https:\/\/www.pcnen.com\/portal\/wp-content\/uploads\/2019\/07\/kisa-580x386.jpg 580w, https:\/\/www.pcnen.com\/portal\/wp-content\/uploads\/2019\/07\/kisa-450x300.jpg 450w, https:\/\/www.pcnen.com\/portal\/wp-content\/uploads\/2019\/07\/kisa-480x320.jpg 480w, https:\/\/www.pcnen.com\/portal\/wp-content\/uploads\/2019\/07\/kisa-235x157.jpg 235w, https:\/\/www.pcnen.com\/portal\/wp-content\/uploads\/2019\/07\/kisa-75x50.jpg 75w, https:\/\/www.pcnen.com\/portal\/wp-content\/uploads\/2019\/07\/kisa-350x233.jpg 350w, https:\/\/www.pcnen.com\/portal\/wp-content\/uploads\/2019\/07\/kisa-220x147.jpg 220w, https:\/\/www.pcnen.com\/portal\/wp-content\/uploads\/2019\/07\/kisa.jpg 650w\" sizes=\"(max-width: 300px) 100vw, 300px\" \/>U ju\u017enim krajevim Crne Gore bi\u0107e malo do umjereno obla\u010dno sa sun\u010danim intervalima, ali \u0107e biti uslova i za rijetke kratkotrajne nestabilnosti.<\/p>\n<p>Na sjeveru zemlje bi\u0107e promjenljivo obla\u010dno, povremeno ki\u0161ovito, ponegdje \u0107e biti i pljuska sa grmljavinom.<\/p>\n<p>Vjetar promjenljivog smjera bi\u0107e slab do umjeren.<\/p>\n<p>Jutarnja temperatura vazduha bi\u0107e u rasponu od 9 do 20, a najvi\u0161a dnevna od 21 do 34 stepena.<\/p>\n<p>U Podgorici \u0107e biti malo do umjereno obla\u010dno sa du\u017eim sun\u010danim periodima. Uz ne\u0161to vi\u0161e oblaka, poslije podne \u00a0bi\u0107e mogu\u0107a kratkotrajna nestabilnost. Vjetar promjenljivog smjera bi\u0107e slab do umjeren. \u00a0Jutarnja temperatura vazduha bi\u0107e oko 19, a najvi\u0161a dnevna oko 33 stepena.<\/p>\n<p><a href=\"http:\/\/www.meteo.co.me\/misc.php?text=121&amp;sektor=1&amp;grad=BIJ\">Prognoza za ostale gradove.<\/a><\/p>\n","protected":false},"excerpt":{"rendered":"<p>Na jugu \u0107e biti uslova uslova za rijetke kratkotrajne nestabilnosti<\/p>\n","protected":false},"author":1,"featured_media":270532,"comment_status":"open","ping_status":"closed","sticky":false,"template":"","format":"standard","meta":{"_seopress_robots_primary_cat":"","_seopress_titles_title":"","_seopress_titles_desc":"","_seopress_robots_index":"","_et_pb_use_builder":"","_et_pb_old_content":"","_et_gb_content_width":"","inline_featured_image":false,"footnotes":""},"categories":[14,12],"tags":[],"class_list":["post-270707","post","type-post","status-publish","format-standard","has-post-thumbnail","hentry","category-vijesti","category-prica-dana"],"_links":{"self":[{"href":"https:\/\/www.pcnen.com\/portal\/wp-json\/wp\/v2\/posts\/270707","targetHints":{"allow":["GET"]}}],"collection":[{"href":"https:\/\/www.pcnen.com\/portal\/wp-json\/wp\/v2\/posts"}],"about":[{"href":"https:\/\/www.pcnen.com\/portal\/wp-json\/wp\/v2\/types\/post"}],"author":[{"embeddable":true,"href":"https:\/\/www.pcnen.com\/portal\/wp-json\/wp\/v2\/users\/1"}],"replies":[{"embeddable":true,"href":"https:\/\/www.pcnen.com\/portal\/wp-json\/wp\/v2\/comments?post=270707"}],"version-history":[{"count":0,"href":"https:\/\/www.pcnen.com\/portal\/wp-json\/wp\/v2\/posts\/270707\/revisions"}],"wp:featuredmedia":[{"embeddable":true,"href":"https:\/\/www.pcnen.com\/portal\/wp-json\/wp\/v2\/media\/270532"}],"wp:attachment":[{"href":"https:\/\/www.pcnen.com\/portal\/wp-json\/wp\/v2\/media?parent=270707"}],"wp:term":[{"taxonomy":"category","embeddable":true,"href":"https:\/\/www.pcnen.com\/portal\/wp-json\/wp\/v2\/categories?post=270707"},{"taxonomy":"post_tag","embeddable":true,"href":"https:\/\/www.pcnen.com\/portal\/wp-json\/wp\/v2\/tags?post=270707"}],"curies":[{"name":"wp","href":"https:\/\/api.w.org\/{rel}","templated":true}]}}