{"id":270704,"date":"2019-07-29T22:14:20","date_gmt":"2019-07-29T20:14:20","guid":{"rendered":"http:\/\/www.pcnen.com\/portal\/?p=270704"},"modified":"2019-07-29T22:26:04","modified_gmt":"2019-07-29T20:26:04","slug":"institut-alternative-premijeru-sjeti-se-obecanja","status":"publish","type":"post","link":"https:\/\/www.pcnen.com\/portal\/2019\/07\/29\/institut-alternative-premijeru-sjeti-se-obecanja\/","title":{"rendered":"Institut alternative: Premijeru, sjeti se obe\u0107anja!"},"content":{"rendered":"<p><img loading=\"lazy\" decoding=\"async\" class=\"alignleft size-medium wp-image-270705\" src=\"http:\/\/www.pcnen.com\/portal\/wp-content\/uploads\/2019\/07\/Dusko-Markovic-300x209.jpg\" alt=\"\" width=\"300\" height=\"209\" srcset=\"https:\/\/www.pcnen.com\/portal\/wp-content\/uploads\/2019\/07\/Dusko-Markovic-300x209.jpg 300w, https:\/\/www.pcnen.com\/portal\/wp-content\/uploads\/2019\/07\/Dusko-Markovic-580x403.jpg 580w, https:\/\/www.pcnen.com\/portal\/wp-content\/uploads\/2019\/07\/Dusko-Markovic-450x313.jpg 450w, https:\/\/www.pcnen.com\/portal\/wp-content\/uploads\/2019\/07\/Dusko-Markovic-480x334.jpg 480w, https:\/\/www.pcnen.com\/portal\/wp-content\/uploads\/2019\/07\/Dusko-Markovic-235x163.jpg 235w, https:\/\/www.pcnen.com\/portal\/wp-content\/uploads\/2019\/07\/Dusko-Markovic-75x52.jpg 75w, https:\/\/www.pcnen.com\/portal\/wp-content\/uploads\/2019\/07\/Dusko-Markovic-350x243.jpg 350w, https:\/\/www.pcnen.com\/portal\/wp-content\/uploads\/2019\/07\/Dusko-Markovic-220x153.jpg 220w, https:\/\/www.pcnen.com\/portal\/wp-content\/uploads\/2019\/07\/Dusko-Markovic.jpg 620w\" sizes=\"(max-width: 300px) 100vw, 300px\" \/>Nevladina organizacija Institut alternative (IA) je danas na svojoj <a href=\"https:\/\/www.facebook.com\/IAThinkTank\/?__tn__=kC-R&amp;eid=ARCJyKbJnx3rMEcD1QlBKlDLQRxf_69Jh-OBw9kvLKtPR62tE-83d4aOoIp1cNdoX_r7NsAwIMWdanjg&amp;hc_ref=ARSBWhwTpCKENdIwv2FVa-cxI9t7IQn6qvkgUK-1PT7S_dZ1esntny3Ga88NwvTvYnc&amp;fref=nf&amp;__xts__[0]=68.ARApTC4WKU33m1xSk3rGH31zL_iKcwf0rSfJfGuTvSQdGDrtxYMNNjG0wdtbXloXGeAElQRDd-BRPnBJ_e_pz_SmxjNk1tCW_TZFLi9X3E0DTWX5ldC2L0fU0TgmLeA6F5oOI-mLUsTJQMLcQ8n0FOja2qvRl2pbONUvTwzowIhuyyooa7rTHl-REqtNrHd1k4HDpv6_GcKGx--stl_ajD3caGNtiLOsQiarh0zedxtXLk4k8aYkXpU3RYFgBj0eW44MNMhFwKA3QMU09mWAIWsmaLN7X3ruSFppmCkkKF7wuYOKSG1SKZ1oYAOv2o2_tDhAmyUylbegfd84nVgn8X6ckw\" target=\"_blank\" rel=\"noopener\">FB stranici <\/a>podsjetila da je pro\u0161lo 12 dana od obe\u0107anja predsjednika Vlade Crne Gore Du\u0161ka Markovi\u0107a da \u0107e biti skinuta oznaka tajnosti sa odluka vladine Komisije za stambena pitanja.<\/p>\n<p>\u201cSve je bli\u017ee \u010detvrtak i mo\u017eda posljednja sjednica Vlade pred godi\u0161nje odmore. Bila bi to sjajna prilika da Vlada saop\u0161ti \u0161ta je uradila, a predsjednik Vlade poka\u017ee da dr\u017ei obe\u0107anje\u201d, podsje\u0107aju iz IA I sugeri\u0161u novinarima da pitaju \u201cdokle se stiglo i ima li plana za ispunjenje obe\u0107anja?\u201d<\/p>\n","protected":false},"excerpt":{"rendered":"<p>Nevladina organizacija Institut alternative (IA) je danas na svojoj FB stranici podsjetila da je pro\u0161lo 12 dana od obe\u0107anja predsjednika Vlade Crne Gore Du\u0161ka Markovi\u0107a da \u0107e biti skinuta oznaka tajnosti sa odluka vladine Komisije za stambena pitanja. \u201cSve je bli\u017ee \u010detvrtak i mo\u017eda posljednja sjednica Vlade pred godi\u0161nje odmore. Bila bi to sjajna prilika [&hellip;]<\/p>\n","protected":false},"author":1,"featured_media":270705,"comment_status":"open","ping_status":"closed","sticky":false,"template":"","format":"standard","meta":{"_seopress_robots_primary_cat":"","_seopress_titles_title":"","_seopress_titles_desc":"","_seopress_robots_index":"","_et_pb_use_builder":"","_et_pb_old_content":"","_et_gb_content_width":"","inline_featured_image":false,"footnotes":""},"categories":[14,12],"tags":[],"class_list":["post-270704","post","type-post","status-publish","format-standard","has-post-thumbnail","hentry","category-vijesti","category-prica-dana"],"_links":{"self":[{"href":"https:\/\/www.pcnen.com\/portal\/wp-json\/wp\/v2\/posts\/270704","targetHints":{"allow":["GET"]}}],"collection":[{"href":"https:\/\/www.pcnen.com\/portal\/wp-json\/wp\/v2\/posts"}],"about":[{"href":"https:\/\/www.pcnen.com\/portal\/wp-json\/wp\/v2\/types\/post"}],"author":[{"embeddable":true,"href":"https:\/\/www.pcnen.com\/portal\/wp-json\/wp\/v2\/users\/1"}],"replies":[{"embeddable":true,"href":"https:\/\/www.pcnen.com\/portal\/wp-json\/wp\/v2\/comments?post=270704"}],"version-history":[{"count":0,"href":"https:\/\/www.pcnen.com\/portal\/wp-json\/wp\/v2\/posts\/270704\/revisions"}],"wp:featuredmedia":[{"embeddable":true,"href":"https:\/\/www.pcnen.com\/portal\/wp-json\/wp\/v2\/media\/270705"}],"wp:attachment":[{"href":"https:\/\/www.pcnen.com\/portal\/wp-json\/wp\/v2\/media?parent=270704"}],"wp:term":[{"taxonomy":"category","embeddable":true,"href":"https:\/\/www.pcnen.com\/portal\/wp-json\/wp\/v2\/categories?post=270704"},{"taxonomy":"post_tag","embeddable":true,"href":"https:\/\/www.pcnen.com\/portal\/wp-json\/wp\/v2\/tags?post=270704"}],"curies":[{"name":"wp","href":"https:\/\/api.w.org\/{rel}","templated":true}]}}