{"id":270675,"date":"2019-07-29T10:33:07","date_gmt":"2019-07-29T08:33:07","guid":{"rendered":"http:\/\/www.pcnen.com\/portal\/?p=270675"},"modified":"2019-07-29T10:33:07","modified_gmt":"2019-07-29T08:33:07","slug":"ministarstvo-demantuje-da-je-gazela-pala","status":"publish","type":"post","link":"https:\/\/www.pcnen.com\/portal\/2019\/07\/29\/ministarstvo-demantuje-da-je-gazela-pala\/","title":{"rendered":"Ministarstvo demantuje da je Gazela pala"},"content":{"rendered":"<p>Helikopter Gazela je pro\u0161le sedmice prinudno sletio na vojni dio aerodroma &#8220;Knjaz Danilo&#8221;, a niko od \u010dlanova posade nije povrije\u0111en, saop\u0161teno je iz Ministarstva odbrane. <\/p>\n<p>Demantuju\u0107i pisanje Dana, Ministarstvo ocjenjuje da je rije\u010d o zlonamjernim i neta\u010dnim objavama.<\/p>\n<p>\u201cNakon uzlijetanja posada je primijetila probleme u pona\u0161anju helikoptera i izvr\u0161ila prinudno slijetanje po skra\u0107enoj proceduri, pri \u010demu nije bilo nikakvog ru\u0161enja helikoptera niti je povrije\u0111en bilo ko od \u010dlanova posade kako prenose pojedini mediji. Oni su nastavili redovne du\u017enosti isti dan i niko nije povrije\u0111en bez obzira na \u017eelju pojedinih medija da to predstave na sasvim drugi na\u010din\u201d, saop\u0161teno je iz Ministarstva odbrane.<\/p>\n<p>Vojna policija je obavijestila Osnovno tu\u017eila\u0161tvo i Upravu policije o doga\u0111aju, kako bi se utvrdilo da li je do incidenta do\u0161lo zbog kvara na helikopteru ili je uzrok ljudski faktor.<br \/>\n\u2003<\/p>\n<p><a href=\"http:\/\/www.pcnen.com\/portal\/2019\/07\/29\/dan-pao-vojni-helikopter-kod-golubovaca-dvoje-povrijedeno\/\">Dan je objavio da su <\/a>dva \u010dlana posade lak\u0161e povrije\u0111ena u padu helikoptera Vojske Crne Gore 25. jula u Podgorici, prilikom vje\u017ebe.<\/p>\n","protected":false},"excerpt":{"rendered":"<p>Helikopter Gazela je pro\u0161le sedmice prinudno sletio na vojni dio aerodroma &#8220;Knjaz Danilo&#8221;, a niko od \u010dlanova posade nije povrije\u0111en, saop\u0161teno je iz Ministarstva odbrane. Demantuju\u0107i pisanje Dana, Ministarstvo ocjenjuje da je rije\u010d o zlonamjernim i neta\u010dnim objavama. \u201cNakon uzlijetanja posada je primijetila probleme u pona\u0161anju helikoptera i izvr\u0161ila prinudno slijetanje po skra\u0107enoj proceduri, pri [&hellip;]<\/p>\n","protected":false},"author":1,"featured_media":0,"comment_status":"open","ping_status":"closed","sticky":false,"template":"","format":"standard","meta":{"_seopress_robots_primary_cat":"","_seopress_titles_title":"","_seopress_titles_desc":"","_seopress_robots_index":"","_et_pb_use_builder":"","_et_pb_old_content":"","_et_gb_content_width":"","inline_featured_image":false,"footnotes":""},"categories":[14],"tags":[],"class_list":["post-270675","post","type-post","status-publish","format-standard","hentry","category-vijesti"],"_links":{"self":[{"href":"https:\/\/www.pcnen.com\/portal\/wp-json\/wp\/v2\/posts\/270675","targetHints":{"allow":["GET"]}}],"collection":[{"href":"https:\/\/www.pcnen.com\/portal\/wp-json\/wp\/v2\/posts"}],"about":[{"href":"https:\/\/www.pcnen.com\/portal\/wp-json\/wp\/v2\/types\/post"}],"author":[{"embeddable":true,"href":"https:\/\/www.pcnen.com\/portal\/wp-json\/wp\/v2\/users\/1"}],"replies":[{"embeddable":true,"href":"https:\/\/www.pcnen.com\/portal\/wp-json\/wp\/v2\/comments?post=270675"}],"version-history":[{"count":0,"href":"https:\/\/www.pcnen.com\/portal\/wp-json\/wp\/v2\/posts\/270675\/revisions"}],"wp:attachment":[{"href":"https:\/\/www.pcnen.com\/portal\/wp-json\/wp\/v2\/media?parent=270675"}],"wp:term":[{"taxonomy":"category","embeddable":true,"href":"https:\/\/www.pcnen.com\/portal\/wp-json\/wp\/v2\/categories?post=270675"},{"taxonomy":"post_tag","embeddable":true,"href":"https:\/\/www.pcnen.com\/portal\/wp-json\/wp\/v2\/tags?post=270675"}],"curies":[{"name":"wp","href":"https:\/\/api.w.org\/{rel}","templated":true}]}}