{"id":270665,"date":"2019-07-29T08:50:42","date_gmt":"2019-07-29T06:50:42","guid":{"rendered":"http:\/\/www.pcnen.com\/portal\/?p=270665"},"modified":"2019-07-29T13:53:13","modified_gmt":"2019-07-29T11:53:13","slug":"dan-pao-vojni-helikopter-kod-golubovaca-dvoje-povrijedeno","status":"publish","type":"post","link":"https:\/\/www.pcnen.com\/portal\/2019\/07\/29\/dan-pao-vojni-helikopter-kod-golubovaca-dvoje-povrijedeno\/","title":{"rendered":"Dan: Pao vojni helikopter kod Golubovaca, dvoje povrije\u0111eno"},"content":{"rendered":"<p><img loading=\"lazy\" decoding=\"async\" class=\"alignleft size-full wp-image-86078\" src=\"http:\/\/www.pcnen.com\/portal\/wp-content\/uploads\/2012\/06\/helikopteri.jpg\" alt=\"\" width=\"279\" height=\"181\" \/>Dva \u010dlana posade lak\u0161e su povrije\u0111ena u padu helikoptera Vojske Crne Gore 25. jula u Podgorici.<\/p>\n<p>Prema saznanjima Dana, do pada helikoptera tipa \u201cgazela\u201d do\u0161lo je u jutarnjim satima na aerodromu u Golubovcima, prilikom vje\u017ebe.<\/p>\n<p>Ministarstvo odbrane nije se zvani\u010dno ogla\u0161avalo o ovom doga\u0111aju, a nije poznato ni da li su o incidentu obavijestili tu\u017eila\u0161tvo.<\/p>\n<p>Sagovornici Dana tvrde da je helikopter pao odmah nakon uzlijetanja i da je upravo to i spasilo pilote.<\/p>\n<p>Djelovi havarisane letjelice su, navodno, odmah uklonjeni. Incident se dogodio na petnaestak metara od rulne staze.<\/p>\n<p>&#8220;Helikopter Gazela je pro\u0161le sedmice prinudno sletio na vojni dio aerodroma &#8216;Knjaz Danilo&#8217;, a niko od \u010dlanova posade nije povrije\u0111en&#8221;, <a href=\"http:\/\/www.pcnen.com\/portal\/2019\/07\/29\/ministarstvo-demantuje-da-je-gazela-pala\/\">saop\u0161teno je iz Ministarstva odbrane.<\/a><\/p>\n<p>Ministarstvo je ocijenilo da je rije\u010d o zlonamjernim i neta\u010dnim objavama.<\/p>\n","protected":false},"excerpt":{"rendered":"<p>&#8220;Helikopter Gazela je pro\u0161le sedmice prinudno sletio na vojni dio aerodroma &#8216;Knjaz Danilo&#8217;, a niko od \u010dlanova posade nije povrije\u0111en&#8221;, saop\u0161teno je iz Ministarstva odbrane<\/p>\n","protected":false},"author":1,"featured_media":0,"comment_status":"open","ping_status":"closed","sticky":false,"template":"","format":"standard","meta":{"_seopress_robots_primary_cat":"","_seopress_titles_title":"","_seopress_titles_desc":"","_seopress_robots_index":"","_et_pb_use_builder":"","_et_pb_old_content":"","_et_gb_content_width":"","inline_featured_image":false,"footnotes":""},"categories":[14,12],"tags":[],"class_list":["post-270665","post","type-post","status-publish","format-standard","hentry","category-vijesti","category-prica-dana"],"_links":{"self":[{"href":"https:\/\/www.pcnen.com\/portal\/wp-json\/wp\/v2\/posts\/270665","targetHints":{"allow":["GET"]}}],"collection":[{"href":"https:\/\/www.pcnen.com\/portal\/wp-json\/wp\/v2\/posts"}],"about":[{"href":"https:\/\/www.pcnen.com\/portal\/wp-json\/wp\/v2\/types\/post"}],"author":[{"embeddable":true,"href":"https:\/\/www.pcnen.com\/portal\/wp-json\/wp\/v2\/users\/1"}],"replies":[{"embeddable":true,"href":"https:\/\/www.pcnen.com\/portal\/wp-json\/wp\/v2\/comments?post=270665"}],"version-history":[{"count":0,"href":"https:\/\/www.pcnen.com\/portal\/wp-json\/wp\/v2\/posts\/270665\/revisions"}],"wp:attachment":[{"href":"https:\/\/www.pcnen.com\/portal\/wp-json\/wp\/v2\/media?parent=270665"}],"wp:term":[{"taxonomy":"category","embeddable":true,"href":"https:\/\/www.pcnen.com\/portal\/wp-json\/wp\/v2\/categories?post=270665"},{"taxonomy":"post_tag","embeddable":true,"href":"https:\/\/www.pcnen.com\/portal\/wp-json\/wp\/v2\/tags?post=270665"}],"curies":[{"name":"wp","href":"https:\/\/api.w.org\/{rel}","templated":true}]}}