{"id":270663,"date":"2019-07-29T08:46:15","date_gmt":"2019-07-29T06:46:15","guid":{"rendered":"http:\/\/www.pcnen.com\/portal\/?p=270663"},"modified":"2019-07-29T09:34:29","modified_gmt":"2019-07-29T07:34:29","slug":"udes-kod-pljevalja-povrijedena-41-osoba","status":"publish","type":"post","link":"https:\/\/www.pcnen.com\/portal\/2019\/07\/29\/udes-kod-pljevalja-povrijedena-41-osoba\/","title":{"rendered":"Udes kod Pljevalja, povrije\u0111ena 41 osoba"},"content":{"rendered":"<p><img loading=\"lazy\" decoding=\"async\" src=\"http:\/\/www.pcnen.com\/portal\/wp-content\/uploads\/2019\/07\/autobus-udes-pljevlja-450x217.jpeg\" alt=\"\" width=\"450\" height=\"217\" class=\"alignleft size-large wp-image-270672\" \/>\u010cetrdeset i jedan putnik autobusa &#8220;Glu\u0161ica prevoz&#8221;, koji je saobra\u0107ao na liniji Nik\u0161i\u0107 &#8211; Vrbas, povrije\u0111eno je u udesu koji se dogodio sino\u0107 oko 23:30  u blizini Termoelektrane u Pljevljima, saop\u0161teno je iz OKC-a Uprave policije.<\/p>\n<p>Svi putnici iz vozila koja su u\u010destvovala u udesu su van \u017eivotne opasnosti.<\/p>\n<p>Tanja \u010cvorovi\u0107 (42), povrije\u0111ena putnica iz autobusa, prevezena je na dalje lije\u010denje u U\u017eice, dok je Dalibor Gazdi\u0107 (33) upu\u0107en u Klini\u010dki centar Crne Gore u Podgorici. <\/p>\n<p>Ostali putnici zbrinuti su u u pljevaljskoj Op\u0161toj bolnici, saop\u0161tio je za TV Vijesti Milanko Terzi\u0107, na\u010delnik  te ustanove. <\/p>\n<p>Ukupno je povrije\u0111ena 41 osoba, me\u0111u kojima je troje djece.<\/p>\n<p>Do udesa je do\u0161lo nakon sudara autobusa i automobila pljevaljskih registarskih oznaka koji je vozio G.D. iz Pljevalja.<\/p>\n","protected":false},"excerpt":{"rendered":"<p>\u010cetrdeset i jedan putnik autobusa &#8220;Glu\u0161ica prevoz&#8221;, koji je saobra\u0107ao na liniji Nik\u0161i\u0107 &#8211; Vrbas, povrije\u0111eno je u udesu koji se dogodio sino\u0107 oko 23:30 u blizini Termoelektrane u Pljevljima, saop\u0161teno je iz OKC-a Uprave policije. Svi putnici iz vozila koja su u\u010destvovala u udesu su van \u017eivotne opasnosti. Tanja \u010cvorovi\u0107 (42), povrije\u0111ena putnica iz [&hellip;]<\/p>\n","protected":false},"author":1,"featured_media":0,"comment_status":"open","ping_status":"closed","sticky":false,"template":"","format":"standard","meta":{"_seopress_robots_primary_cat":"","_seopress_titles_title":"","_seopress_titles_desc":"","_seopress_robots_index":"","_et_pb_use_builder":"","_et_pb_old_content":"","_et_gb_content_width":"","inline_featured_image":false,"footnotes":""},"categories":[14,12],"tags":[],"class_list":["post-270663","post","type-post","status-publish","format-standard","hentry","category-vijesti","category-prica-dana"],"_links":{"self":[{"href":"https:\/\/www.pcnen.com\/portal\/wp-json\/wp\/v2\/posts\/270663","targetHints":{"allow":["GET"]}}],"collection":[{"href":"https:\/\/www.pcnen.com\/portal\/wp-json\/wp\/v2\/posts"}],"about":[{"href":"https:\/\/www.pcnen.com\/portal\/wp-json\/wp\/v2\/types\/post"}],"author":[{"embeddable":true,"href":"https:\/\/www.pcnen.com\/portal\/wp-json\/wp\/v2\/users\/1"}],"replies":[{"embeddable":true,"href":"https:\/\/www.pcnen.com\/portal\/wp-json\/wp\/v2\/comments?post=270663"}],"version-history":[{"count":0,"href":"https:\/\/www.pcnen.com\/portal\/wp-json\/wp\/v2\/posts\/270663\/revisions"}],"wp:attachment":[{"href":"https:\/\/www.pcnen.com\/portal\/wp-json\/wp\/v2\/media?parent=270663"}],"wp:term":[{"taxonomy":"category","embeddable":true,"href":"https:\/\/www.pcnen.com\/portal\/wp-json\/wp\/v2\/categories?post=270663"},{"taxonomy":"post_tag","embeddable":true,"href":"https:\/\/www.pcnen.com\/portal\/wp-json\/wp\/v2\/tags?post=270663"}],"curies":[{"name":"wp","href":"https:\/\/api.w.org\/{rel}","templated":true}]}}