{"id":270651,"date":"2019-07-28T21:53:45","date_gmt":"2019-07-28T19:53:45","guid":{"rendered":"http:\/\/www.pcnen.com\/portal\/?p=270651"},"modified":"2019-07-28T21:53:45","modified_gmt":"2019-07-28T19:53:45","slug":"kisovito-do-27-stepeni","status":"publish","type":"post","link":"https:\/\/www.pcnen.com\/portal\/2019\/07\/28\/kisovito-do-27-stepeni\/","title":{"rendered":"Ki\u0161ovito, do 27 stepeni"},"content":{"rendered":"<p><img loading=\"lazy\" decoding=\"async\" src=\"http:\/\/www.pcnen.com\/portal\/wp-content\/uploads\/2013\/11\/Kisa-ponegdje-450x291.jpg\" alt=\"\" width=\"450\" height=\"291\" class=\"alignleft size-large wp-image-129666\" \/>U Crnoj Gori \u0107e u ponedjeljak biti promjenljivo do potpuno obla\u010dno. Povremeno \u0107e padati ki\u0161a ili pljusakovi sa grmljavinom. <\/p>\n<p>Vjetar \u0107e biti sla do umjeren, promjenljiv.<\/p>\n<p>Jutarnja temperatura vazduha kreta\u0107e se od 10 do 21, najvi\u0161a dnevna od 17 do 29 stepeni.<\/p>\n<p>U Podgorica \u0107e biti promjenljivo obla\u010dno, povremeno sa ki\u0161om ili pljuskovima sa grmljavinom.<\/p>\n<p>Vjetar slab do umjeren bi\u0107e promjenljivog smjera. <\/p>\n<p>Jutarnja temperatura vazduha bi\u0107e oko 20, najvi\u0161a dnevna do 27 stepeni.<\/p>\n<p><a href=\"http:\/\/www.meteo.co.me\/misc.php?text=121&amp;sektor=1&amp;grad=BER\">Prognoza za ostale gradove.<\/a><\/p>\n","protected":false},"excerpt":{"rendered":"<p>U Crnoj Gori \u0107e u ponedjeljak biti promjenljivo do potpuno obla\u010dno. Povremeno \u0107e padati ki\u0161a ili pljusakovi sa grmljavinom. Vjetar \u0107e biti sla do umjeren, promjenljiv. Jutarnja temperatura vazduha kreta\u0107e se od 10 do 21, najvi\u0161a dnevna od 17 do 29 stepeni. U Podgorica \u0107e biti promjenljivo obla\u010dno, povremeno sa ki\u0161om ili pljuskovima sa grmljavinom. [&hellip;]<\/p>\n","protected":false},"author":1,"featured_media":0,"comment_status":"open","ping_status":"closed","sticky":false,"template":"","format":"standard","meta":{"_seopress_robots_primary_cat":"","_seopress_titles_title":"","_seopress_titles_desc":"","_seopress_robots_index":"","_et_pb_use_builder":"","_et_pb_old_content":"","_et_gb_content_width":"","inline_featured_image":false,"footnotes":""},"categories":[14,12],"tags":[],"class_list":["post-270651","post","type-post","status-publish","format-standard","hentry","category-vijesti","category-prica-dana"],"_links":{"self":[{"href":"https:\/\/www.pcnen.com\/portal\/wp-json\/wp\/v2\/posts\/270651","targetHints":{"allow":["GET"]}}],"collection":[{"href":"https:\/\/www.pcnen.com\/portal\/wp-json\/wp\/v2\/posts"}],"about":[{"href":"https:\/\/www.pcnen.com\/portal\/wp-json\/wp\/v2\/types\/post"}],"author":[{"embeddable":true,"href":"https:\/\/www.pcnen.com\/portal\/wp-json\/wp\/v2\/users\/1"}],"replies":[{"embeddable":true,"href":"https:\/\/www.pcnen.com\/portal\/wp-json\/wp\/v2\/comments?post=270651"}],"version-history":[{"count":0,"href":"https:\/\/www.pcnen.com\/portal\/wp-json\/wp\/v2\/posts\/270651\/revisions"}],"wp:attachment":[{"href":"https:\/\/www.pcnen.com\/portal\/wp-json\/wp\/v2\/media?parent=270651"}],"wp:term":[{"taxonomy":"category","embeddable":true,"href":"https:\/\/www.pcnen.com\/portal\/wp-json\/wp\/v2\/categories?post=270651"},{"taxonomy":"post_tag","embeddable":true,"href":"https:\/\/www.pcnen.com\/portal\/wp-json\/wp\/v2\/tags?post=270651"}],"curies":[{"name":"wp","href":"https:\/\/api.w.org\/{rel}","templated":true}]}}