{"id":270623,"date":"2019-07-28T10:35:58","date_gmt":"2019-07-28T08:35:58","guid":{"rendered":"http:\/\/www.pcnen.com\/portal\/?p=270623"},"modified":"2019-07-28T11:50:47","modified_gmt":"2019-07-28T09:50:47","slug":"dps-popustio-demokrate-se-vracaju-u-odbor","status":"publish","type":"post","link":"https:\/\/www.pcnen.com\/portal\/2019\/07\/28\/dps-popustio-demokrate-se-vracaju-u-odbor\/","title":{"rendered":"DPS popustio, Demokrate se vra\u0107aju u odbor"},"content":{"rendered":"<p><img loading=\"lazy\" decoding=\"async\" class=\"size-large wp-image-192486 aligncenter\" src=\"http:\/\/www.pcnen.com\/portal\/wp-content\/uploads\/2015\/11\/Demokrate-CG-450x253.png\" alt=\"\" width=\"450\" height=\"253\" \/><br \/>\nDemokratska partija socijalista (DPS) na\u010delno je pristala da se odluke u skup\u0161tinskom Odboru za izbornu reformu donose \u010detvoropetinskom umjesto dosada\u0161njom dvotre\u0107inskom ve\u0107inom, a zauzvrat, predstavnici Demokrata i URA-a, pristali su da delegiraju dva \u010dlana u Odbor, pi\u0161e Dan.<\/p>\n<p>Prema saznanjima Dana iz vi\u0161e izvora, DPS je na\u010delno pristao da se odluke donose \u010detvoropetinskom ve\u0107inom uz posredovanje me\u0111unarodnih predstavnika, a predstavnici Demokrata i URA koji su u\u010destvovali u seriji razgovora s diplomatskim predstavnicima, pristali su da delegiraju dva \u010dlana.<\/p>\n<p>Time \u0107e do\u0107i do smanjenja politi\u010dke krize u Crnoj Gori i poku\u0161aja da se do kraja godine, kada isti\u010de rok, reformi\u0161e izborno zakonodavstvo i u novu 2020, ina\u010de godinu izbora, u\u0111e s novim propisima za glasanje narodnih predstavnika u Skup\u0161tini Crne Gore.<\/p>\n<p>U godini odr\u017eavanja izbora zabranjeno je mijenjati izborne zakone, tako da je rok za reformu 31. decembar 2019. godine, a redovni parlamentarni izbori trebalo bi da se odr\u017ee polovinom oktobra naredne godine, prenosi Mina.<\/p>\n<p>Klju\u010dne izmjene za izbornu reformu su izmjena medijskih zakona i ispunjenje svih preporuka ODIHR-a.<\/p>\n<p>Tokom serije susreta, poslednjih desetak dana, osnova za razgovor bio je plan koji su tokom posjete Briselu Johanesu Hanu, specijalnom komesaru za pro\u0161irenje Evropske unije, predstavili lideri Demokrata i URA Aleksa Be\u010di\u0107 i Dritan Abazovi\u0107.<\/p>\n<p>&#8220;Ne mogu da komentari\u0161em va\u0161a saznanja. Ono \u0161to je sigurno jeste da se do kraja ove godine mora mijenjati izborno zakonodavstvo&#8221;, kazao je Danu Be\u010di\u0107.<\/p>\n<p>Prema saznanjima lista premijer Du\u0161ko Markovi\u0107 uskoro bi trebalo da saop\u0161ti vi\u0161e detalja oko saglasnosti koja je uz pomo\u0107 me\u0111unarodnih predstavnika postignuta da se kompletira Odbor za izbornu reformu.<\/p>\n<p>Narednih dana trebalo bi da se ta odluka objelodani kako bi Skup\u0161tina Crne Gore do kraja ljetnjeg zasjedanja izabrala nove \u010dlanove Odbora za izbornu reformu.<\/p>\n","protected":false},"excerpt":{"rendered":"<p>Demokratska partija socijalista (DPS) na\u010delno je pristala da se odluke u skup\u0161tinskom Odboru za izbornu reformu donose \u010detvoropetinskom umjesto dosada\u0161njom dvotre\u0107inskom ve\u0107inom, a zauzvrat, predstavnici Demokrata i URA-a, pristali su da delegiraju dva \u010dlana u Odbor, pi\u0161e Dan. Prema saznanjima Dana iz vi\u0161e izvora, DPS je na\u010delno pristao da se odluke donose \u010detvoropetinskom ve\u0107inom uz [&hellip;]<\/p>\n","protected":false},"author":1,"featured_media":0,"comment_status":"open","ping_status":"closed","sticky":false,"template":"","format":"standard","meta":{"_seopress_robots_primary_cat":"","_seopress_titles_title":"","_seopress_titles_desc":"","_seopress_robots_index":"","_et_pb_use_builder":"","_et_pb_old_content":"","_et_gb_content_width":"","inline_featured_image":false,"footnotes":""},"categories":[14,12],"tags":[],"class_list":["post-270623","post","type-post","status-publish","format-standard","hentry","category-vijesti","category-prica-dana"],"_links":{"self":[{"href":"https:\/\/www.pcnen.com\/portal\/wp-json\/wp\/v2\/posts\/270623","targetHints":{"allow":["GET"]}}],"collection":[{"href":"https:\/\/www.pcnen.com\/portal\/wp-json\/wp\/v2\/posts"}],"about":[{"href":"https:\/\/www.pcnen.com\/portal\/wp-json\/wp\/v2\/types\/post"}],"author":[{"embeddable":true,"href":"https:\/\/www.pcnen.com\/portal\/wp-json\/wp\/v2\/users\/1"}],"replies":[{"embeddable":true,"href":"https:\/\/www.pcnen.com\/portal\/wp-json\/wp\/v2\/comments?post=270623"}],"version-history":[{"count":0,"href":"https:\/\/www.pcnen.com\/portal\/wp-json\/wp\/v2\/posts\/270623\/revisions"}],"wp:attachment":[{"href":"https:\/\/www.pcnen.com\/portal\/wp-json\/wp\/v2\/media?parent=270623"}],"wp:term":[{"taxonomy":"category","embeddable":true,"href":"https:\/\/www.pcnen.com\/portal\/wp-json\/wp\/v2\/categories?post=270623"},{"taxonomy":"post_tag","embeddable":true,"href":"https:\/\/www.pcnen.com\/portal\/wp-json\/wp\/v2\/tags?post=270623"}],"curies":[{"name":"wp","href":"https:\/\/api.w.org\/{rel}","templated":true}]}}